{"id":38359,"date":"2026-04-02T23:20:14","date_gmt":"2026-04-02T21:20:14","guid":{"rendered":"https:\/\/prizrenpost.com\/tr\/bu-prizrenin-arbana-semtinde-yasam-belirtisi-olmadan-bulunan-kurban\/"},"modified":"2026-04-02T23:20:14","modified_gmt":"2026-04-02T21:20:14","slug":"bu-prizrenin-arbana-semtinde-yasam-belirtisi-olmadan-bulunan-kurban","status":"publish","type":"post","link":"https:\/\/prizrenpost.com\/tr\/bu-prizrenin-arbana-semtinde-yasam-belirtisi-olmadan-bulunan-kurban\/","title":{"rendered":"Bu, Prizren&#8217;in &#8220;Arbana&#8221; semtinde ya\u015fam belirtisi olmadan bulunan kurban"},"content":{"rendered":"<p><img decoding=\"async\" src=\"https:\/\/prizrenpost.com\/tr\/wp-content\/uploads\/2026\/04\/Shirit-i-Policise-foto-REL-AP-e15443772673041.jpg\" style=\"width:100%;height:auto;margin-bottom:20px\"><\/p>\n<p>Prizren&#8217;in &#8220;Arbana&#8221; mahallesinde bug\u00fcn ya\u015fam belirtisi olmayan bir ki\u015fi bulundu.<\/p>\n<p>Gazeta e Prizren&#8217;in haberine g\u00f6re bug\u00fcn, 04\/02\/2026 tarihinde saat 07:25 civar\u0131nda, Prizren&#8217;in Arbana mahallesi &#8220;Enver Buqa&#8221; caddesinde bir kom\u015fu taraf\u0131ndan ya\u015fam belirtisi olmayan bir ki\u015fi bulundu.<\/p>\n<p>\u0130lk verilere g\u00f6re kurban sadece annesiyle birlikte ya\u015f\u0131yordu. <\/p>\n<p>Dava, Polisin b\u00f6lge s\u00f6zc\u00fcs\u00fc Shaqir Bytyqi taraf\u0131ndan do\u011fruland\u0131. &#8220;Acil durum ekipleri olay yerine gelerek onu evinde \u00f6l\u00fc buldu. Polis devriyesi olay yerinde g\u00fcvenlik \u00f6nlemi al\u0131rken, B\u00f6lge Soru\u015fturma Dairesi m\u00fcfetti\u015fleri de geldi&#8221; dedi.<\/p>\n<p>Kurban\u0131n kimli\u011finin 53 ya\u015f\u0131ndaki Enver Suka oldu\u011fu belirlendi.<\/p>\n<p>Tecr\u00fcbeyi geli\u015ftirmek ve reklam g\u00f6r\u00fcnt\u00fclemek i\u00e7in \u00e7erezler kullan\u0131yoruz (Google AdSense).<br \/>\n          &#8220;Kabul Et&#8221; se\u00e7ene\u011fine t\u0131klayarak \u00e7erezlerin a\u015fa\u011f\u0131daki \u015fartlara g\u00f6re kullan\u0131lmas\u0131n\u0131 kabul etmi\u015f olursunuz.<br \/>\n          Gizlilik Politikas\u0131<br \/>\n          ve<br \/>\n          \u00c7erez Politikas\u0131.<br \/>\n          &#8220;Reddet&#8221;i t\u0131klayarak gerekli olmayan \u00e7erezleri reddedebilirsiniz.<\/p>\n<hr style=\"margin:30px 0\">\n<p style=\"font-size:13px;color:#666\">Kaynak: <strong>prizrenpost<\/strong><\/p>\n","protected":false},"excerpt":{"rendered":"<p>Prizren&#8217;in &#8220;Arbana&#8221; mahallesinde bug\u00fcn ya\u015fam belirtisi olmayan bir ki\u015fi bulundu. Gazeta e Prizren&#8217;in haberine g\u00f6re bug\u00fcn, 04\/02\/2026 tarihinde saat 07:25 civar\u0131nda, Prizren&#8217;in Arbana mahallesi &#8220;Enver Buqa&#8221; caddesinde bir kom\u015fu taraf\u0131ndan ya\u015fam belirtisi olmayan bir ki\u015fi bulundu. \u0130lk verilere g\u00f6re kurban sadece annesiyle birlikte ya\u015f\u0131yordu. Dava, Polisin b\u00f6lge s\u00f6zc\u00fcs\u00fc Shaqir Bytyqi taraf\u0131ndan do\u011fruland\u0131. &#8220;Acil durum ekipleri [&hellip;]<\/p>\n","protected":false},"author":1,"featured_media":38360,"comment_status":"open","ping_status":"open","sticky":false,"template":"","format":"standard","meta":{"footnotes":""},"categories":[22],"tags":[],"class_list":["post-38359","post","type-post","status-publish","format-standard","has-post-thumbnail","hentry","category-prizren"],"views":12,"_links":{"self":[{"href":"https:\/\/prizrenpost.com\/tr\/wp-json\/wp\/v2\/posts\/38359","targetHints":{"allow":["GET"]}}],"collection":[{"href":"https:\/\/prizrenpost.com\/tr\/wp-json\/wp\/v2\/posts"}],"about":[{"href":"https:\/\/prizrenpost.com\/tr\/wp-json\/wp\/v2\/types\/post"}],"author":[{"embeddable":true,"href":"https:\/\/prizrenpost.com\/tr\/wp-json\/wp\/v2\/users\/1"}],"replies":[{"embeddable":true,"href":"https:\/\/prizrenpost.com\/tr\/wp-json\/wp\/v2\/comments?post=38359"}],"version-history":[{"count":1,"href":"https:\/\/prizrenpost.com\/tr\/wp-json\/wp\/v2\/posts\/38359\/revisions"}],"predecessor-version":[{"id":38361,"href":"https:\/\/prizrenpost.com\/tr\/wp-json\/wp\/v2\/posts\/38359\/revisions\/38361"}],"wp:featuredmedia":[{"embeddable":true,"href":"https:\/\/prizrenpost.com\/tr\/wp-json\/wp\/v2\/media\/38360"}],"wp:attachment":[{"href":"https:\/\/prizrenpost.com\/tr\/wp-json\/wp\/v2\/media?parent=38359"}],"wp:term":[{"taxonomy":"category","embeddable":true,"href":"https:\/\/prizrenpost.com\/tr\/wp-json\/wp\/v2\/categories?post=38359"},{"taxonomy":"post_tag","embeddable":true,"href":"https:\/\/prizrenpost.com\/tr\/wp-json\/wp\/v2\/tags?post=38359"}],"curies":[{"name":"wp","href":"https:\/\/api.w.org\/{rel}","templated":true}]}}