{"id":40119,"date":"2026-04-12T11:55:23","date_gmt":"2026-04-12T09:55:23","guid":{"rendered":"https:\/\/prizrenpost.com\/tr\/lubnandaki-bir-kilise-israil-saldirilari-nedeniyle-yerlerinden-edilen-muslumanlara-kapilarini-acarak-dayanisma-gosteriyor\/"},"modified":"2026-04-12T11:55:24","modified_gmt":"2026-04-12T09:55:24","slug":"lubnandaki-bir-kilise-israil-saldirilari-nedeniyle-yerlerinden-edilen-muslumanlara-kapilarini-acarak-dayanisma-gosteriyor","status":"publish","type":"post","link":"https:\/\/prizrenpost.com\/tr\/lubnandaki-bir-kilise-israil-saldirilari-nedeniyle-yerlerinden-edilen-muslumanlara-kapilarini-acarak-dayanisma-gosteriyor\/","title":{"rendered":"L\u00fcbnan&#8217;daki bir kilise, \u0130srail sald\u0131r\u0131lar\u0131 nedeniyle yerlerinden edilen M\u00fcsl\u00fcmanlara kap\u0131lar\u0131n\u0131 a\u00e7arak dayan\u0131\u015fma g\u00f6steriyor"},"content":{"rendered":"<p><img decoding=\"async\" src=\"https:\/\/prizrenpost.com\/tr\/wp-content\/uploads\/2026\/04\/fa80e61472f739aeb04d6567b0ba91f0.jpg\" style=\"width:100%;height:auto;margin-bottom:20px\"><\/p>\n<p>L\u00fcbnan&#8217;\u0131n g\u00fcneyindeki Sidon eyaletindeki bir yerle\u015fim yeri olan Jizzin&#8217;deki St. Batrus Kilisesi, \u0130srail sald\u0131r\u0131lar\u0131 nedeniyle yerlerinden edilen yakla\u015f\u0131k 40 L\u00fcbnanl\u0131 M\u00fcsl\u00fcmana ev sahipli\u011fi yap\u0131yor.<\/p>\n<p>\u0130srail&#8217;in 2 Mart&#8217;tan bu yana L\u00fcbnan&#8217;a y\u00f6nelik sald\u0131r\u0131lar\u0131 yakla\u015f\u0131k 1.500 ki\u015fiyi \u00f6ld\u00fcrd\u00fc ve 1.162.000&#8217;den fazla ki\u015fiyi yerinden etti.<\/p>\n<p>Dini yap\u0131ya ve etnik a\u00e7\u0131dan \u00e7e\u015fitlili\u011fe sahip bir \u00fclke olan L\u00fcbnan&#8217;da, g\u00fcneydeki M\u00fcsl\u00fcmanlar sald\u0131r\u0131lardan en \u00e7ok etkilenenler oldu. <\/p>\n<p>\u00c7ok say\u0131da L\u00fcbnanl\u0131 evlerini, ge\u00e7im kaynaklar\u0131n\u0131 ve topraklar\u0131n\u0131 terk ederek ba\u015fka \u015fehirlere g\u00f6\u00e7 etmek zorunda kal\u0131rken, di\u011ferleri akrabalar\u0131n\u0131n yan\u0131nda, okullarda veya \u00e7ad\u0131rlarda hayatta kalmaya \u00e7al\u0131\u015f\u0131yor.<\/p>\n<p>Jizzin&#8217;deki Aziz Batrus Kilisesi, yerinden edilmi\u015f yakla\u015f\u0131k 40 M\u00fcsl\u00fcmana kap\u0131lar\u0131n\u0131 a\u00e7arak ola\u011fan\u00fcst\u00fc bir dayan\u0131\u015fma \u00f6rne\u011fi sergiledi.<\/p>\n<p>Paskalya ayininden sonra Anadolu&#8217;ya konu\u015fan Peder Batrus Akuri, L\u00fcbnan&#8217;daki sava\u015f\u0131n sona ermesi umudunu dile getirdi ve Akuri, \u00fclkenin yeniden aya\u011fa kalkmas\u0131 i\u00e7in.<\/p>\n<p>&#8220;\u0130n\u015fallah bu L\u00fcbnan i\u00e7in son sava\u015f olacak ve t\u00fcm \u00fclkenin yeniden aya\u011fa kalkmas\u0131 i\u00e7in kataliz\u00f6r olacak. Yeter bu sava\u015f, bu bask\u0131, bu y\u0131k\u0131m. Halk\u0131m\u0131z\u0131n ac\u0131 \u00e7ekti\u011fini, gen\u00e7lerimizin sokaklarda \u00f6ld\u00fc\u011f\u00fcn\u00fc g\u00f6r\u00fcyoruz. Yaz\u0131k L\u00fcbnan&#8217;a, yeter art\u0131k. Elli y\u0131l s\u00fcren sava\u015f, art\u0131k bar\u0131\u015f i\u00e7inde ya\u015fama zaman\u0131.&#8221; &#8220;Onlar m\u00fclteci de\u011fil, ba\u015fka dinin L\u00fcbnanl\u0131 misafirleri. \u0130\u00e7ti\u011finiz kaynak, dininizi, renginizi, milliyetinizi sormuyor. Siyasi g\u00f6r\u00fc\u015fleri, dinleri ne olursa olsun t\u00fcm L\u00fcbnanl\u0131lara a\u00e7t\u0131k. Siyasette veya daha bir\u00e7ok konuda farkl\u0131 g\u00f6r\u00fc\u015flerimiz olabilir ama insanl\u0131\u011f\u0131m\u0131z ve L\u00fcbnanl\u0131l\u0131\u011f\u0131m\u0131z a\u00e7\u0131s\u0131ndan kesinlikle farkl\u0131 de\u011filiz.&#8221; 39 M\u00fcsl\u00fcman\u0131n kilisede kald\u0131\u011f\u0131n\u0131 belirterek, &#8220;Sava\u015f\u0131n ilk g\u00fcn\u00fcnden beri onlar\u0131 bekliyoruz, ne\u015feyi ve huzuru birlikte payla\u015f\u0131yoruz, bunu ba\u015fararak gelecek nesillere g\u00fczel bir \u00f6rnek olu\u015fturuyoruz. B\u00f6ylece farkl\u0131l\u0131klar\u0131m\u0131za ra\u011fmen bir arada ya\u015fayabilece\u011fimizi kan\u0131tlam\u0131\u015f olaca\u011f\u0131z.&#8221; \u0130srail sald\u0131r\u0131lar\u0131n\u0131n yo\u011funla\u015ft\u0131\u011f\u0131 bir b\u00f6lgede ya\u015fayan Akuri, &#8220;L\u00fcbnan halk\u0131 her \u015feye kar\u015f\u0131 ba\u011f\u0131\u015f\u0131kl\u0131k kazand\u0131. Bir g\u00fcn u\u00e7ak sesini duymasak \u015fa\u015f\u0131r\u0131r\u0131z.&#8221; Deir Kanun el-Nehr&#8217;den gelen L\u00fcbnanl\u0131 Darin \u0130zzeddin, ya\u015fad\u0131klar\u0131n\u0131 \u015f\u00f6yle anlatt\u0131:<\/p>\n<p>&#8220;Sava\u015flardan yorulduk, ger\u00e7ekten yorulduk. Zorunlu g\u00f6\u00e7 etmekten, bir yerden bir yere itilmekten yorulduk. Onlar sayesinde bize burada her \u015feyi sa\u011flad\u0131lar, hi\u00e7bir eksi\u011fimiz yok, huzur i\u00e7indeyiz ve durumumuz pek \u00e7ok ki\u015fiden \u00e7ok daha iyi Elhamd\u00fclillah. Ama insan evini, can\u0131n\u0131, i\u015fini istiyor. Biz bu duruma d\u00fc\u015ft\u00fck. \u0130zzeddin, kilisede kalmalar\u0131yla ilgili olarak ise \u015funlar\u0131 s\u00f6yledi: &#8220;Bu ger\u00e7ek bir insanl\u0131k \u00f6rne\u011fidir. Bize m\u00fclteci olarak de\u011fil, &#8216;Buras\u0131 sizin eviniz&#8217; diyerek yakla\u015ft\u0131lar.&#8221; Sald\u0131r\u0131lar\u0131n ba\u015flad\u0131\u011f\u0131 geceyi anlatan Muhammed Muennis, panik i\u00e7inde b\u00f6lgeden ka\u00e7t\u0131klar\u0131n\u0131 s\u00f6yledi. b\u00fcy\u00fck.<\/p>\n<p>Muennis \u015funlar\u0131 s\u00f6yledi: &#8220;Gece 01.00 s\u0131ralar\u0131nda t\u00fcm b\u00f6lge b\u00fcy\u00fck bir g\u00fcr\u00fclt\u00fcyle uyand\u0131. \u00c7ocuklar a\u011fl\u0131yordu; her yerden patlama, silah sesleri ve kavga sesleri geliyordu. Herkes gibi biz de aceleyle e\u015fyalar\u0131m\u0131z\u0131 toplay\u0131p Sidon&#8217;a do\u011fru yola \u00e7\u0131kt\u0131k.&#8221; Muennis \u015f\u00f6yle devam etti: &#8220;\u00c7ocuklar\u0131n a\u011flad\u0131\u011f\u0131 ve korku i\u00e7inde oldu\u011fu Sidon&#8217;a varmam\u0131z \u00f6\u011fleden sonra saat 15.00&#8217;e kadar s\u00fcrd\u00fc. Yol boyunca kalacak yer arad\u0131k, arkada\u015flar\u0131m\u0131zla ve tan\u0131d\u0131klar\u0131m\u0131zla temasa ge\u00e7tik. Durum \u00e7ok zordu. Konu\u015ftu\u011fumuz herkes konaklama i\u00e7in fahi\u015f fiyatlar istedi.&#8221;<\/p>\n<p>Muennis, kar\u0131s\u0131n\u0131n k\u0131z karde\u015finin bir rahip tan\u0131d\u0131\u011f\u0131n\u0131 ve bu ba\u011flant\u0131 sayesinde b\u00fcy\u00fck bir badire atlatt\u0131ktan sonra Jizzin&#8217;e ula\u015fmay\u0131 ba\u015fard\u0131klar\u0131n\u0131 anlatt\u0131. <\/p>\n<p>Kilisede kendilerine g\u00f6sterilen s\u0131cak ilgiye dikkat \u00e7eken Muennis, L\u00fcbnan&#8217;daki t\u00fcm siyasi ve dini gruplara seslenerek L\u00fcbnanl\u0131l\u0131k ilkesine dayal\u0131 birlik \u00e7a\u011fr\u0131s\u0131nda bulundu.<\/p>\n<p>L\u00fcbnanl\u0131 Lilian Hamdan da sald\u0131r\u0131lardan \u00f6nce bile s\u00fcrekli u\u00e7ak g\u00fcr\u00fclt\u00fcs\u00fc alt\u0131nda ya\u015fad\u0131klar\u0131n\u0131 belirterek, &#8220;Bizim i\u00e7in sava\u015fs\u0131z bir an olmad\u0131. Sava\u015f bittikten sonra bile sald\u0131r\u0131lar ve u\u00e7ak sesleri devam etti, yani ger\u00e7ek anlamda bir devlet ya\u015famad\u0131k. bar\u0131\u015f\u0131n.&#8221; hakim&#8221;.<\/p>\n<p>Tecr\u00fcbeyi geli\u015ftirmek ve reklam g\u00f6r\u00fcnt\u00fclemek (Google AdSense) i\u00e7in \u00e7erezleri kullan\u0131yoruz.<br \/>\n          &#8220;Kabul Et&#8221; se\u00e7ene\u011fine t\u0131klayarak \u00e7erezlerin a\u015fa\u011f\u0131daki \u015fartlara g\u00f6re kullan\u0131lmas\u0131n\u0131 kabul etmi\u015f olursunuz.<br \/>\n          Gizlilik Politikas\u0131<br \/>\n          ve<br \/>\n          \u00c7erez Politikas\u0131.<br \/>\n          &#8220;Reddet&#8221;i t\u0131klayarak gerekli olmayan \u00e7erezleri reddedebilirsiniz.<\/p>\n<hr style=\"margin:30px 0\">\n<p style=\"font-size:13px;color:#666\">Kaynak: <strong>prizrenpost<\/strong><\/p>\n","protected":false},"excerpt":{"rendered":"<p>L\u00fcbnan&#8217;\u0131n g\u00fcneyindeki Sidon eyaletindeki bir yerle\u015fim yeri olan Jizzin&#8217;deki St. Batrus Kilisesi, \u0130srail sald\u0131r\u0131lar\u0131 nedeniyle yerlerinden edilen yakla\u015f\u0131k 40 L\u00fcbnanl\u0131 M\u00fcsl\u00fcmana ev sahipli\u011fi yap\u0131yor. \u0130srail&#8217;in 2 Mart&#8217;tan bu yana L\u00fcbnan&#8217;a y\u00f6nelik sald\u0131r\u0131lar\u0131 yakla\u015f\u0131k 1.500 ki\u015fiyi \u00f6ld\u00fcrd\u00fc ve 1.162.000&#8217;den fazla ki\u015fiyi yerinden etti. Dini yap\u0131ya ve etnik a\u00e7\u0131dan \u00e7e\u015fitlili\u011fe sahip bir \u00fclke olan L\u00fcbnan&#8217;da, g\u00fcneydeki M\u00fcsl\u00fcmanlar [&hellip;]<\/p>\n","protected":false},"author":1,"featured_media":40120,"comment_status":"open","ping_status":"open","sticky":false,"template":"","format":"standard","meta":{"footnotes":""},"categories":[24],"tags":[179],"class_list":["post-40119","post","type-post","status-publish","format-standard","has-post-thumbnail","hentry","category-dunya","tag-aktuel"],"views":22,"_links":{"self":[{"href":"https:\/\/prizrenpost.com\/tr\/wp-json\/wp\/v2\/posts\/40119","targetHints":{"allow":["GET"]}}],"collection":[{"href":"https:\/\/prizrenpost.com\/tr\/wp-json\/wp\/v2\/posts"}],"about":[{"href":"https:\/\/prizrenpost.com\/tr\/wp-json\/wp\/v2\/types\/post"}],"author":[{"embeddable":true,"href":"https:\/\/prizrenpost.com\/tr\/wp-json\/wp\/v2\/users\/1"}],"replies":[{"embeddable":true,"href":"https:\/\/prizrenpost.com\/tr\/wp-json\/wp\/v2\/comments?post=40119"}],"version-history":[{"count":1,"href":"https:\/\/prizrenpost.com\/tr\/wp-json\/wp\/v2\/posts\/40119\/revisions"}],"predecessor-version":[{"id":40121,"href":"https:\/\/prizrenpost.com\/tr\/wp-json\/wp\/v2\/posts\/40119\/revisions\/40121"}],"wp:featuredmedia":[{"embeddable":true,"href":"https:\/\/prizrenpost.com\/tr\/wp-json\/wp\/v2\/media\/40120"}],"wp:attachment":[{"href":"https:\/\/prizrenpost.com\/tr\/wp-json\/wp\/v2\/media?parent=40119"}],"wp:term":[{"taxonomy":"category","embeddable":true,"href":"https:\/\/prizrenpost.com\/tr\/wp-json\/wp\/v2\/categories?post=40119"},{"taxonomy":"post_tag","embeddable":true,"href":"https:\/\/prizrenpost.com\/tr\/wp-json\/wp\/v2\/tags?post=40119"}],"curies":[{"name":"wp","href":"https:\/\/api.w.org\/{rel}","templated":true}]}}