{"id":42172,"date":"2026-04-24T22:40:57","date_gmt":"2026-04-24T20:40:57","guid":{"rendered":"https:\/\/prizrenpost.com\/tr\/liridona-ademajin-ailesinden-dokunakli-mektup-geri-donmeyecek-cocuklarin-velayetini-isteyecegiz\/"},"modified":"2026-04-24T22:41:03","modified_gmt":"2026-04-24T20:41:03","slug":"liridona-ademajin-ailesinden-dokunakli-mektup-geri-donmeyecek-cocuklarin-velayetini-isteyecegiz","status":"publish","type":"post","link":"https:\/\/prizrenpost.com\/tr\/liridona-ademajin-ailesinden-dokunakli-mektup-geri-donmeyecek-cocuklarin-velayetini-isteyecegiz\/","title":{"rendered":"Liridona Ademaj&#8217;\u0131n ailesinden dokunakl\u0131 mektup: Geri d\u00f6nmeyecek, \u00e7ocuklar\u0131n velayetini isteyece\u011fiz"},"content":{"rendered":"<p><img decoding=\"async\" src=\"https:\/\/prizrenpost.com\/tr\/wp-content\/uploads\/2026\/04\/IMG_6990.jpeg\" style=\"width:100%;height:auto;margin-bottom:20px\"><\/p>\n<p>Merhum Liridona Ademaj&#8217;\u0131n ailesi, Pri\u015ftine Temel Mahkemesi&#8217;nin cinayetin failleri Naim Murseli ve Granit Plava&#8217;y\u0131 \u00f6m\u00fcr boyu hapse, Kushtrim Kokalla&#8217;y\u0131 ise 30 y\u0131l hapis cezas\u0131na \u00e7arpt\u0131rmas\u0131n\u0131n ard\u0131ndan TopChannel&#8217;\u0131n &#8220;Goca dhe Gra&#8221; program\u0131na bir mektup g\u00f6nderdi.<\/p>\n<p>TopChannel&#8217;\u0131n bildirdi\u011fine g\u00f6re mektupta, Liridona&#8217;n\u0131n ailesi, Herkesin deste\u011fiyle bu karar\u0131n ac\u0131lar\u0131 ne kadar az olursa olsun onlar\u0131 rahatlatt\u0131\u011f\u0131n\u0131 s\u00f6yl\u00fcyorlar.<\/p>\n<p>Liridona&#8217;n\u0131n iki k\u00fc\u00e7\u00fck o\u011fluna ise gerekli \u015fartlar olu\u015ftu\u011funda velayetlerini alacaklar\u0131n\u0131 s\u00f6yl\u00fcyor.<\/p>\n<p>&#8220;Mahkeme karar\u0131 sonras\u0131nda cezai s\u00fcrecin mahkeme karar\u0131yla sonu\u00e7lanmas\u0131 ve bunun sadece halk\u0131n vicdan\u0131nda kalmam\u0131\u015f, sadece vatanda\u015ftan ald\u0131\u011f\u0131 cezada kalm\u0131\u015f olmas\u0131 nedeniyle aile olarak rahatlam\u0131\u015f durumday\u0131z. Mahkemenin ald\u0131\u011f\u0131 karar, Kosova Cumhuriyeti Ceza Kanununu tan\u0131yan azami miktard\u0131r&#8221;. &#8220;Liridona, Ademaj ailesi i\u00e7in, Liridona&#8217;n\u0131n \u00e7ocuklar\u0131 i\u00e7in ya da onu g\u00fc\u00e7l\u00fc, \u00e7al\u0131\u015fkan bir kad\u0131n olarak ve her \u015feyden \u00f6nce aile i\u00e7in her \u015feyi feda eden bir ki\u015fi olarak tan\u0131yanlar i\u00e7in geri d\u00f6nmeyecek. Bu karar ailenin y\u00fcre\u011fini \u0131s\u0131t\u0131yor ve gelecekte Liridona&#8217;n\u0131n \u00e7ocuklar\u0131 i\u00e7in bunlar, <\/p>\n<p>&#8216;nin annesinin ba\u015f\u0131na gelen ger\u00e7e\u011fin temel belgeleri ve teyidi olacak. Vicdanl\u0131 ve profesyonel, annelerinin cinayetinin failine kar\u015f\u0131 makul bir karar verdi&#8221;.<\/p>\n<p>Liridona&#8217;n\u0131n ailesi taraf\u0131ndan g\u00f6nderilen mektupta &#8220;Liridona ailesi, \u0130sve\u00e7 yetkililerinden Kosova Cumhuriyeti&#8217;ndeki veya herhangi bir Avrupa Birli\u011fi \u00fclkesindeki \u00e7ocuklarla ilgilenmesini talep edecek, zira \u0130sve\u00e7 b\u00f6yle bir talebi kabul edebilir&#8221; deniyor.<\/p>\n<p>Tecr\u00fcbeyi geli\u015ftirmek ve reklam g\u00f6r\u00fcnt\u00fclemek i\u00e7in \u00e7erezler kullan\u0131yoruz (Google AdSense).<br \/>\n          &#8220;Kabul Et&#8221; se\u00e7ene\u011fine t\u0131klayarak \u00e7erezlerin a\u015fa\u011f\u0131daki \u015fartlara g\u00f6re kullan\u0131lmas\u0131n\u0131 kabul etmi\u015f olursunuz.<br \/>\n          Gizlilik Politikas\u0131<br \/>\n          ve<br \/>\n          \u00c7erez Politikas\u0131.<br \/>\n          &#8220;Reddet&#8221;i t\u0131klayarak gerekli olmayan \u00e7erezleri reddedebilirsiniz.<\/p>\n<hr style=\"margin:30px 0\">\n<p style=\"font-size:13px;color:#666\">Kaynak: <strong>prizrenpost<\/strong><\/p>\n","protected":false},"excerpt":{"rendered":"<p>Merhum Liridona Ademaj&#8217;\u0131n ailesi, Pri\u015ftine Temel Mahkemesi&#8217;nin cinayetin failleri Naim Murseli ve Granit Plava&#8217;y\u0131 \u00f6m\u00fcr boyu hapse, Kushtrim Kokalla&#8217;y\u0131 ise 30 y\u0131l hapis cezas\u0131na \u00e7arpt\u0131rmas\u0131n\u0131n ard\u0131ndan TopChannel&#8217;\u0131n &#8220;Goca dhe Gra&#8221; program\u0131na bir mektup g\u00f6nderdi. TopChannel&#8217;\u0131n bildirdi\u011fine g\u00f6re mektupta, Liridona&#8217;n\u0131n ailesi, Herkesin deste\u011fiyle bu karar\u0131n ac\u0131lar\u0131 ne kadar az olursa olsun onlar\u0131 rahatlatt\u0131\u011f\u0131n\u0131 s\u00f6yl\u00fcyorlar. Liridona&#8217;n\u0131n iki [&hellip;]<\/p>\n","protected":false},"author":1,"featured_media":42173,"comment_status":"open","ping_status":"open","sticky":false,"template":"","format":"standard","meta":{"footnotes":""},"categories":[14],"tags":[179],"class_list":["post-42172","post","type-post","status-publish","format-standard","has-post-thumbnail","hentry","category-ulusal","tag-aktuel"],"views":7,"_links":{"self":[{"href":"https:\/\/prizrenpost.com\/tr\/wp-json\/wp\/v2\/posts\/42172","targetHints":{"allow":["GET"]}}],"collection":[{"href":"https:\/\/prizrenpost.com\/tr\/wp-json\/wp\/v2\/posts"}],"about":[{"href":"https:\/\/prizrenpost.com\/tr\/wp-json\/wp\/v2\/types\/post"}],"author":[{"embeddable":true,"href":"https:\/\/prizrenpost.com\/tr\/wp-json\/wp\/v2\/users\/1"}],"replies":[{"embeddable":true,"href":"https:\/\/prizrenpost.com\/tr\/wp-json\/wp\/v2\/comments?post=42172"}],"version-history":[{"count":1,"href":"https:\/\/prizrenpost.com\/tr\/wp-json\/wp\/v2\/posts\/42172\/revisions"}],"predecessor-version":[{"id":42174,"href":"https:\/\/prizrenpost.com\/tr\/wp-json\/wp\/v2\/posts\/42172\/revisions\/42174"}],"wp:featuredmedia":[{"embeddable":true,"href":"https:\/\/prizrenpost.com\/tr\/wp-json\/wp\/v2\/media\/42173"}],"wp:attachment":[{"href":"https:\/\/prizrenpost.com\/tr\/wp-json\/wp\/v2\/media?parent=42172"}],"wp:term":[{"taxonomy":"category","embeddable":true,"href":"https:\/\/prizrenpost.com\/tr\/wp-json\/wp\/v2\/categories?post=42172"},{"taxonomy":"post_tag","embeddable":true,"href":"https:\/\/prizrenpost.com\/tr\/wp-json\/wp\/v2\/tags?post=42172"}],"curies":[{"name":"wp","href":"https:\/\/api.w.org\/{rel}","templated":true}]}}