{"id":42175,"date":"2026-04-25T00:10:26","date_gmt":"2026-04-24T22:10:26","guid":{"rendered":"https:\/\/prizrenpost.com\/tr\/kearns-liderlerin-hemen-cezalandirilmasini-talep-ediyor-onlar-sirp-hukumetinde-ve-bazilari-onlardan-saklaniyor\/"},"modified":"2026-04-25T00:10:29","modified_gmt":"2026-04-24T22:10:29","slug":"kearns-liderlerin-hemen-cezalandirilmasini-talep-ediyor-onlar-sirp-hukumetinde-ve-bazilari-onlardan-saklaniyor","status":"publish","type":"post","link":"https:\/\/prizrenpost.com\/tr\/kearns-liderlerin-hemen-cezalandirilmasini-talep-ediyor-onlar-sirp-hukumetinde-ve-bazilari-onlardan-saklaniyor\/","title":{"rendered":"Kearns, liderlerin hemen cezaland\u0131r\u0131lmas\u0131n\u0131 talep ediyor: Onlar S\u0131rp h\u00fck\u00fcmetinde ve baz\u0131lar\u0131 onlardan saklan\u0131yor"},"content":{"rendered":"<p><img decoding=\"async\" src=\"https:\/\/prizrenpost.com\/tr\/wp-content\/uploads\/2026\/04\/IMG_6207.jpeg\" style=\"width:100%;height:auto;margin-bottom:20px\"><\/p>\n<p>D\u00fcn Pri\u015ftine Temel Mahkemesi, Banjska&#8217;daki dava nedeniyle Bllagoje Spasojevi\u0107 ve Vladimir Tolli\u0107&#8217;i \u00f6m\u00fcr boyu hapse mahk\u00fbm ederken, Dushan Maksimovi\u0107 ise 30 y\u0131l hapis cezas\u0131na \u00e7arpt\u0131r\u0131ld\u0131.<\/p>\n<p>Britanya Milletvekili Alicia Kearns buna tepki g\u00f6stererek, ter\u00f6r sald\u0131r\u0131s\u0131n\u0131n &#8220;ana liderlerinin&#8221; hemen cezaland\u0131r\u0131lmas\u0131n\u0131 istedi.<\/p>\n<p>&#8220;\u015eimdi l\u00fctfen ana liderler. Bunlar\u0131 S\u0131rp H\u00fck\u00fcmeti i\u00e7inde bulacaks\u0131n\u0131z, di\u011ferlerini ise S\u0131rp H\u00fck\u00fcmeti taraf\u0131ndan saklan\u0131yor ve korunuyor&#8221; diye yazd\u0131.<\/p>\n<p>Bunlar\u0131 S\u0131rp H\u00fck\u00fcmeti i\u00e7inde bulacaks\u0131n\u0131z, di\u011ferlerini ise S\u0131rp H\u00fck\u00fcmeti taraf\u0131ndan saklan\u0131yor ve korunuyor. https:\/\/t.co\/kEPGTPTfxx<\/p>\n<p>\u2014 Alicia Kearns Milletvekili (@aliciakearns) 24 Nisan 2026<\/p>\n<p>Deneyimi geli\u015ftirmek ve reklamlar\u0131 g\u00f6r\u00fcnt\u00fclemek i\u00e7in \u00e7erezleri kullan\u0131yoruz (Google AdSense).<br \/>\n          &#8220;Kabul Et&#8221; se\u00e7ene\u011fine t\u0131klayarak \u00e7erezlerin a\u015fa\u011f\u0131daki \u015fartlara g\u00f6re kullan\u0131lmas\u0131n\u0131 kabul etmi\u015f olursunuz.<br \/>\n          Gizlilik Politikas\u0131<br \/>\n          ve<br \/>\n          \u00c7erez Politikas\u0131.<br \/>\n          &#8220;Reddet&#8221;i t\u0131klayarak gerekli olmayan \u00e7erezleri reddedebilirsiniz.<\/p>\n<hr style=\"margin:30px 0\">\n<p style=\"font-size:13px;color:#666\">Kaynak: <strong>prizrenpost<\/strong><\/p>\n","protected":false},"excerpt":{"rendered":"<p>D\u00fcn Pri\u015ftine Temel Mahkemesi, Banjska&#8217;daki dava nedeniyle Bllagoje Spasojevi\u0107 ve Vladimir Tolli\u0107&#8217;i \u00f6m\u00fcr boyu hapse mahk\u00fbm ederken, Dushan Maksimovi\u0107 ise 30 y\u0131l hapis cezas\u0131na \u00e7arpt\u0131r\u0131ld\u0131. Britanya Milletvekili Alicia Kearns buna tepki g\u00f6stererek, ter\u00f6r sald\u0131r\u0131s\u0131n\u0131n &#8220;ana liderlerinin&#8221; hemen cezaland\u0131r\u0131lmas\u0131n\u0131 istedi. &#8220;\u015eimdi l\u00fctfen ana liderler. Bunlar\u0131 S\u0131rp H\u00fck\u00fcmeti i\u00e7inde bulacaks\u0131n\u0131z, di\u011ferlerini ise S\u0131rp H\u00fck\u00fcmeti taraf\u0131ndan saklan\u0131yor ve [&hellip;]<\/p>\n","protected":false},"author":1,"featured_media":42176,"comment_status":"open","ping_status":"open","sticky":false,"template":"","format":"standard","meta":{"footnotes":""},"categories":[14],"tags":[179],"class_list":["post-42175","post","type-post","status-publish","format-standard","has-post-thumbnail","hentry","category-ulusal","tag-aktuel"],"views":4,"_links":{"self":[{"href":"https:\/\/prizrenpost.com\/tr\/wp-json\/wp\/v2\/posts\/42175","targetHints":{"allow":["GET"]}}],"collection":[{"href":"https:\/\/prizrenpost.com\/tr\/wp-json\/wp\/v2\/posts"}],"about":[{"href":"https:\/\/prizrenpost.com\/tr\/wp-json\/wp\/v2\/types\/post"}],"author":[{"embeddable":true,"href":"https:\/\/prizrenpost.com\/tr\/wp-json\/wp\/v2\/users\/1"}],"replies":[{"embeddable":true,"href":"https:\/\/prizrenpost.com\/tr\/wp-json\/wp\/v2\/comments?post=42175"}],"version-history":[{"count":1,"href":"https:\/\/prizrenpost.com\/tr\/wp-json\/wp\/v2\/posts\/42175\/revisions"}],"predecessor-version":[{"id":42177,"href":"https:\/\/prizrenpost.com\/tr\/wp-json\/wp\/v2\/posts\/42175\/revisions\/42177"}],"wp:featuredmedia":[{"embeddable":true,"href":"https:\/\/prizrenpost.com\/tr\/wp-json\/wp\/v2\/media\/42176"}],"wp:attachment":[{"href":"https:\/\/prizrenpost.com\/tr\/wp-json\/wp\/v2\/media?parent=42175"}],"wp:term":[{"taxonomy":"category","embeddable":true,"href":"https:\/\/prizrenpost.com\/tr\/wp-json\/wp\/v2\/categories?post=42175"},{"taxonomy":"post_tag","embeddable":true,"href":"https:\/\/prizrenpost.com\/tr\/wp-json\/wp\/v2\/tags?post=42175"}],"curies":[{"name":"wp","href":"https:\/\/api.w.org\/{rel}","templated":true}]}}