{"id":42188,"date":"2026-04-25T05:01:25","date_gmt":"2026-04-25T03:01:25","guid":{"rendered":"https:\/\/prizrenpost.com\/tr\/bangladeste-kizamiktan-olenlerin-sayisi-7si-cocuk-240a-yukseldi\/"},"modified":"2026-04-25T05:01:27","modified_gmt":"2026-04-25T03:01:27","slug":"bangladeste-kizamiktan-olenlerin-sayisi-7si-cocuk-240a-yukseldi","status":"publish","type":"post","link":"https:\/\/prizrenpost.com\/tr\/bangladeste-kizamiktan-olenlerin-sayisi-7si-cocuk-240a-yukseldi\/","title":{"rendered":"Banglade\u015f&#8217;te k\u0131zam\u0131ktan \u00f6lenlerin say\u0131s\u0131 7&#8217;si \u00e7ocuk 240&#8217;a y\u00fckseldi"},"content":{"rendered":"<p><img decoding=\"async\" src=\"https:\/\/prizrenpost.com\/tr\/wp-content\/uploads\/2026\/04\/thumbs_b_c_3af7e1af5eb4fd6d90c24f893079f6c7.jpg\" style=\"width:100%;height:auto;margin-bottom:20px\"><\/p>\n<p>Sa\u011fl\u0131k Bakanl\u0131\u011f\u0131, Anadolu&#8217;ya yapt\u0131\u011f\u0131 a\u00e7\u0131klamada, Banglade\u015f&#8217;te bug\u00fcn 7 k\u0131zam\u0131k \u00f6l\u00fcm\u00fc daha bildirilerek Mart ortas\u0131ndan bu yana toplam say\u0131n\u0131n 240&#8217;a ula\u015ft\u0131\u011f\u0131n\u0131 bildirdi.<\/p>\n<p>Hizmetler Genel M\u00fcd\u00fcrl\u00fc\u011f\u00fc&#8217;ne g\u00f6re, son 24 saatte bildirilen yakla\u015f\u0131k 1.400 yeni vaka da dahil olmak \u00fczere bula\u015f\u0131c\u0131 hastal\u0131ktan kaynaklanan toplam enfeksiyon say\u0131s\u0131 15 Mart&#8217;tan bu yana 29.500&#8217;\u00fc a\u015ft\u0131. Sa\u011fl\u0131k.<\/p>\n<p>H\u00fck\u00fcmet ciddi bir k\u0131zam\u0131k test kiti s\u0131k\u0131nt\u0131s\u0131yla kar\u015f\u0131 kar\u015f\u0131ya. D\u00fcnya Sa\u011fl\u0131k \u00d6rg\u00fct\u00fc (WHO) Per\u015fembe g\u00fcn\u00fc ge\u00e7 saatlerde yapt\u0131\u011f\u0131 bir de\u011ferlendirmede, Banglade\u015f&#8217;te 64 b\u00f6lgeden 58&#8217;inde enfeksiyonlar\u0131n &#8220;yayg\u0131n ulusal bula\u015fma&#8221; oldu\u011funu g\u00f6sterdi\u011fini belirtti.<\/p>\n<p>Bildirilen vakalar\u0131n \u00e7o\u011funlu\u011fu veya y\u00fczde 79&#8217;u 5 ya\u015f\u0131n alt\u0131ndaki \u00e7ocuklardan olu\u015fuyor.<\/p>\n<p>WHO&#8217;ya g\u00f6re ba\u015fkent Dakka, \u00f6zellikle yo\u011fun n\u00fcfuslu gayri resmi yerle\u015fim yerlerinde en y\u00fcksek enfeksiyon say\u0131s\u0131n\u0131 bildirdi.<\/p>\n<p>H\u00fck\u00fcmet bu ay\u0131n ba\u015flar\u0131nda, ya\u015f aras\u0131 \u00e7ocuklar\u0131 hedef alan \u00f6zel bir a\u015f\u0131 kampanyas\u0131 ba\u015flatt\u0131. 6-59 ay. Bu salg\u0131ndan \u00f6nce, Banglade\u015f k\u0131zam\u0131\u011f\u0131 ortadan kald\u0131rma konusunda \u00f6nemli ilerleme kaydetmi\u015fti.<\/p>\n<p>Ancak, 2024 ile 2025 y\u0131llar\u0131 aras\u0131nda ulusal a\u015f\u0131 stokunun yan\u0131 s\u0131ra rutin a\u015f\u0131lama bo\u015fluklar\u0131 ve 2020&#8217;den itibaren d\u00fczenli ulusal ek k\u0131zam\u0131k ve k\u0131zam\u0131k\u00e7\u0131k kampanyalar\u0131n\u0131n olmay\u0131\u015f\u0131 nedeniyle a\u015f\u0131 kapsam\u0131ndaki son d\u00fc\u015f\u00fc\u015flerin meydana geldi\u011fi belirtildi. WHO.<\/p>\n<p>Tecr\u00fcbeyi geli\u015ftirmek ve reklam g\u00f6r\u00fcnt\u00fclemek (Google AdSense) i\u00e7in \u00e7erezleri kullan\u0131yoruz.<br \/>\n          &#8220;Kabul Et&#8221; se\u00e7ene\u011fine t\u0131klayarak \u00e7erezlerin a\u015fa\u011f\u0131daki \u015fartlara g\u00f6re kullan\u0131lmas\u0131n\u0131 kabul etmi\u015f olursunuz.<br \/>\n          Gizlilik Politikas\u0131<br \/>\n          ve<br \/>\n          \u00c7erez Politikas\u0131.<br \/>\n          &#8220;Reddet&#8221;i t\u0131klayarak gerekli olmayan \u00e7erezleri reddedebilirsiniz.<\/p>\n<hr style=\"margin:30px 0\">\n<p style=\"font-size:13px;color:#666\">Kaynak: <strong>prizrenpost<\/strong><\/p>\n","protected":false},"excerpt":{"rendered":"<p>Sa\u011fl\u0131k Bakanl\u0131\u011f\u0131, Anadolu&#8217;ya yapt\u0131\u011f\u0131 a\u00e7\u0131klamada, Banglade\u015f&#8217;te bug\u00fcn 7 k\u0131zam\u0131k \u00f6l\u00fcm\u00fc daha bildirilerek Mart ortas\u0131ndan bu yana toplam say\u0131n\u0131n 240&#8217;a ula\u015ft\u0131\u011f\u0131n\u0131 bildirdi. Hizmetler Genel M\u00fcd\u00fcrl\u00fc\u011f\u00fc&#8217;ne g\u00f6re, son 24 saatte bildirilen yakla\u015f\u0131k 1.400 yeni vaka da dahil olmak \u00fczere bula\u015f\u0131c\u0131 hastal\u0131ktan kaynaklanan toplam enfeksiyon say\u0131s\u0131 15 Mart&#8217;tan bu yana 29.500&#8217;\u00fc a\u015ft\u0131. Sa\u011fl\u0131k. H\u00fck\u00fcmet ciddi bir k\u0131zam\u0131k test [&hellip;]<\/p>\n","protected":false},"author":1,"featured_media":42189,"comment_status":"open","ping_status":"open","sticky":false,"template":"","format":"standard","meta":{"footnotes":""},"categories":[24],"tags":[179],"class_list":["post-42188","post","type-post","status-publish","format-standard","has-post-thumbnail","hentry","category-dunya","tag-aktuel"],"views":4,"_links":{"self":[{"href":"https:\/\/prizrenpost.com\/tr\/wp-json\/wp\/v2\/posts\/42188","targetHints":{"allow":["GET"]}}],"collection":[{"href":"https:\/\/prizrenpost.com\/tr\/wp-json\/wp\/v2\/posts"}],"about":[{"href":"https:\/\/prizrenpost.com\/tr\/wp-json\/wp\/v2\/types\/post"}],"author":[{"embeddable":true,"href":"https:\/\/prizrenpost.com\/tr\/wp-json\/wp\/v2\/users\/1"}],"replies":[{"embeddable":true,"href":"https:\/\/prizrenpost.com\/tr\/wp-json\/wp\/v2\/comments?post=42188"}],"version-history":[{"count":1,"href":"https:\/\/prizrenpost.com\/tr\/wp-json\/wp\/v2\/posts\/42188\/revisions"}],"predecessor-version":[{"id":42190,"href":"https:\/\/prizrenpost.com\/tr\/wp-json\/wp\/v2\/posts\/42188\/revisions\/42190"}],"wp:featuredmedia":[{"embeddable":true,"href":"https:\/\/prizrenpost.com\/tr\/wp-json\/wp\/v2\/media\/42189"}],"wp:attachment":[{"href":"https:\/\/prizrenpost.com\/tr\/wp-json\/wp\/v2\/media?parent=42188"}],"wp:term":[{"taxonomy":"category","embeddable":true,"href":"https:\/\/prizrenpost.com\/tr\/wp-json\/wp\/v2\/categories?post=42188"},{"taxonomy":"post_tag","embeddable":true,"href":"https:\/\/prizrenpost.com\/tr\/wp-json\/wp\/v2\/tags?post=42188"}],"curies":[{"name":"wp","href":"https:\/\/api.w.org\/{rel}","templated":true}]}}