{"id":42203,"date":"2026-04-25T05:01:56","date_gmt":"2026-04-25T03:01:56","guid":{"rendered":"https:\/\/prizrenpost.com\/tr\/turk-bas-diplomat-israil-kuresel-guvenlige-dogrudan-tehdit-haline-geldi-toplu-tepki-gerekiyor\/"},"modified":"2026-04-25T05:01:57","modified_gmt":"2026-04-25T03:01:57","slug":"turk-bas-diplomat-israil-kuresel-guvenlige-dogrudan-tehdit-haline-geldi-toplu-tepki-gerekiyor","status":"publish","type":"post","link":"https:\/\/prizrenpost.com\/tr\/turk-bas-diplomat-israil-kuresel-guvenlige-dogrudan-tehdit-haline-geldi-toplu-tepki-gerekiyor\/","title":{"rendered":"T\u00fcrk ba\u015f diplomat: \u0130srail &#8220;k\u00fcresel g\u00fcvenli\u011fe do\u011frudan tehdit&#8221; haline geldi, &#8220;toplu tepki&#8221; gerekiyor"},"content":{"rendered":"<p><img decoding=\"async\" src=\"https:\/\/prizrenpost.com\/tr\/wp-content\/uploads\/2026\/04\/thumbs_b_c_761c00de3f9bc6bc6807f1f929bbaa62.jpg\" style=\"width:100%;height:auto;margin-bottom:20px\"><\/p>\n<p>T\u00fcrkiye D\u0131\u015fi\u015fleri Bakan\u0131 Hakan Fidan, \u0130srail&#8217;in &#8220;k\u00fcresel g\u00fcvenli\u011fe do\u011frudan tehdit&#8221; haline geldi\u011fini belirterek, &#8220;toplu&#8221; uluslararas\u0131 tepki \u00e7a\u011fr\u0131s\u0131nda bulunarak, artan istikrars\u0131zl\u0131\u011f\u0131n art\u0131k yaln\u0131zca b\u00f6lgesel bir perspektifle g\u00f6r\u00fclemeyece\u011fini vurgulad\u0131.<\/p>\n<p>Oxford \u00dcniversitesi&#8217;nde k\u00fcresel yeniden d\u00fczenleme hakk\u0131nda konu\u015fan Fidan, d\u00fcnyan\u0131n sadece jeopolitik bir ge\u00e7i\u015f de\u011fil, daha derin bir d\u00f6n\u00fc\u015f\u00fcm ya\u015fad\u0131\u011f\u0131n\u0131 s\u00f6yledi.<\/p>\n<p>&#8220;Bug\u00fcn tan\u0131k oldu\u011fumuz \u015fey bir ge\u00e7i\u015f de\u011fil, daha \u00e7ok bir d\u00f6n\u00fc\u015f\u00fcm.&#8221; diyen Fidan, devletlerin art\u0131k &#8220;g\u00fcvenliklerini, diplomasilerini veya stratejik hayal g\u00fc\u00e7lerini devredemeyeceklerini&#8221; s\u00f6zlerine ekledi.<\/p>\n<p>ABD ve \u0130srail&#8217;in sald\u0131r\u0131lar\u0131yla ba\u015flayan \u0130ran&#8217;la sava\u015fa de\u011finen Fidan, \u00e7at\u0131\u015fman\u0131n &#8220;k\u00fcresel refah, g\u00fcvenlik ve istikrara ciddi bir darbe indirdi\u011fini&#8221; s\u00f6yledi.<\/p>\n<p>&#8220;\u0130srail&#8217;in b\u00f6lgeyi istikrars\u0131zla\u015ft\u0131rmaya y\u00f6nelik sistematik tehdidi yerel s\u0131n\u0131rlar\u0131 a\u015ft\u0131 ve art\u0131k k\u00fcresel g\u00fcvenli\u011fe do\u011frudan tehdit olu\u015fturuyor&#8221; ve bu t\u00fcr eylemlerin &#8220;toplu bir yan\u0131t gerektirdi\u011fini&#8221; ekledi. <\/p>\n<p>Fidan ayr\u0131ca &#8220;b\u00f6lgesel ve k\u00fcresel krizler aras\u0131ndaki ayr\u0131m\u0131n ger\u00e7ekten ortadan kalkt\u0131\u011f\u0131n\u0131&#8221; belirterek, \u00e7at\u0131\u015fmalar\u0131n art\u0131k izole bir \u015fekilde ele al\u0131namayaca\u011f\u0131n\u0131n alt\u0131n\u0131 \u00e7izdi.<\/p>\n<p>Bu belirsizli\u011fin orta g\u00fc\u00e7lerin \u00f6nemini art\u0131rd\u0131\u011f\u0131n\u0131 belirterek, onlar\u0131 &#8220;stratejik co\u011frafyaya&#8221;, diplomatik eri\u015fime ve sonu\u00e7 \u00fcretme iradesine sahip devletler olarak tan\u0131mlad\u0131.<\/p>\n<p>Fidan, T\u00fcrkiye&#8217;nin co\u011frafi konumunu, NATO \u00fcyesi ve AB aday\u0131 olarak kurumsal eri\u015fimini ve Karadeniz&#8217;den arabuluculuk \u00e7abalar\u0131n\u0131 vurgulad\u0131. Ankara&#8217;n\u0131n kriz y\u00f6netimindeki rol\u00fcn\u00fcn \u00f6rnekleri olarak Afrika Boynuzu diplomasisine y\u00f6nelik tah\u0131l giri\u015fimi.<\/p>\n<p>Ayr\u0131ca Orta Do\u011fu&#8217;da k\u00fcresel kurumsal reformlar ve &#8220;hakimiyet veya boyun e\u011fme&#8221;ye de\u011fil i\u015fbirli\u011fine dayal\u0131 b\u00f6lgesel bir d\u00fczen \u00e7a\u011fr\u0131s\u0131nda bulunarak &#8220;b\u00f6lgedeki \u00fclkeler taraf\u0131ndan b\u00f6lgesel sorunlara b\u00f6lgesel \u00e7\u00f6z\u00fcmler getirilmesini&#8221; destekledi.<\/p>\n<p>Tecr\u00fcbeyi geli\u015ftirmek ve reklam g\u00f6r\u00fcnt\u00fclemek i\u00e7in \u00e7erezleri kullan\u0131yoruz (Google AdSense).<br \/>\n          &#8220;Kabul Et&#8221; se\u00e7ene\u011fine t\u0131klayarak \u00e7erezlerin a\u015fa\u011f\u0131daki \u015fartlara g\u00f6re kullan\u0131lmas\u0131n\u0131 kabul etmi\u015f olursunuz.<br \/>\n          Gizlilik Politikas\u0131<br \/>\n          ve<br \/>\n          \u00c7erez Politikas\u0131.<br \/>\n          &#8220;Reddet&#8221;i t\u0131klayarak gerekli olmayan \u00e7erezleri reddedebilirsiniz.<\/p>\n<hr style=\"margin:30px 0\">\n<p style=\"font-size:13px;color:#666\">Kaynak: <strong>prizrenpost<\/strong><\/p>\n","protected":false},"excerpt":{"rendered":"<p>T\u00fcrkiye D\u0131\u015fi\u015fleri Bakan\u0131 Hakan Fidan, \u0130srail&#8217;in &#8220;k\u00fcresel g\u00fcvenli\u011fe do\u011frudan tehdit&#8221; haline geldi\u011fini belirterek, &#8220;toplu&#8221; uluslararas\u0131 tepki \u00e7a\u011fr\u0131s\u0131nda bulunarak, artan istikrars\u0131zl\u0131\u011f\u0131n art\u0131k yaln\u0131zca b\u00f6lgesel bir perspektifle g\u00f6r\u00fclemeyece\u011fini vurgulad\u0131. Oxford \u00dcniversitesi&#8217;nde k\u00fcresel yeniden d\u00fczenleme hakk\u0131nda konu\u015fan Fidan, d\u00fcnyan\u0131n sadece jeopolitik bir ge\u00e7i\u015f de\u011fil, daha derin bir d\u00f6n\u00fc\u015f\u00fcm ya\u015fad\u0131\u011f\u0131n\u0131 s\u00f6yledi. &#8220;Bug\u00fcn tan\u0131k oldu\u011fumuz \u015fey bir ge\u00e7i\u015f de\u011fil, daha [&hellip;]<\/p>\n","protected":false},"author":1,"featured_media":42204,"comment_status":"open","ping_status":"open","sticky":false,"template":"","format":"standard","meta":{"footnotes":""},"categories":[24],"tags":[179],"class_list":["post-42203","post","type-post","status-publish","format-standard","has-post-thumbnail","hentry","category-dunya","tag-aktuel"],"views":6,"_links":{"self":[{"href":"https:\/\/prizrenpost.com\/tr\/wp-json\/wp\/v2\/posts\/42203","targetHints":{"allow":["GET"]}}],"collection":[{"href":"https:\/\/prizrenpost.com\/tr\/wp-json\/wp\/v2\/posts"}],"about":[{"href":"https:\/\/prizrenpost.com\/tr\/wp-json\/wp\/v2\/types\/post"}],"author":[{"embeddable":true,"href":"https:\/\/prizrenpost.com\/tr\/wp-json\/wp\/v2\/users\/1"}],"replies":[{"embeddable":true,"href":"https:\/\/prizrenpost.com\/tr\/wp-json\/wp\/v2\/comments?post=42203"}],"version-history":[{"count":1,"href":"https:\/\/prizrenpost.com\/tr\/wp-json\/wp\/v2\/posts\/42203\/revisions"}],"predecessor-version":[{"id":42205,"href":"https:\/\/prizrenpost.com\/tr\/wp-json\/wp\/v2\/posts\/42203\/revisions\/42205"}],"wp:featuredmedia":[{"embeddable":true,"href":"https:\/\/prizrenpost.com\/tr\/wp-json\/wp\/v2\/media\/42204"}],"wp:attachment":[{"href":"https:\/\/prizrenpost.com\/tr\/wp-json\/wp\/v2\/media?parent=42203"}],"wp:term":[{"taxonomy":"category","embeddable":true,"href":"https:\/\/prizrenpost.com\/tr\/wp-json\/wp\/v2\/categories?post=42203"},{"taxonomy":"post_tag","embeddable":true,"href":"https:\/\/prizrenpost.com\/tr\/wp-json\/wp\/v2\/tags?post=42203"}],"curies":[{"name":"wp","href":"https:\/\/api.w.org\/{rel}","templated":true}]}}