{"id":42335,"date":"2026-04-25T14:20:46","date_gmt":"2026-04-25T12:20:46","guid":{"rendered":"https:\/\/prizrenpost.com\/tr\/gazzede-20-yil-sonra-ilk-kez-oy-veriliyor\/"},"modified":"2026-04-25T14:20:49","modified_gmt":"2026-04-25T12:20:49","slug":"gazzede-20-yil-sonra-ilk-kez-oy-veriliyor","status":"publish","type":"post","link":"https:\/\/prizrenpost.com\/tr\/gazzede-20-yil-sonra-ilk-kez-oy-veriliyor\/","title":{"rendered":"Gazze&#8217;de 20 y\u0131l sonra ilk kez oy veriliyor"},"content":{"rendered":"<p><img decoding=\"async\" src=\"https:\/\/prizrenpost.com\/tr\/wp-content\/uploads\/2026\/04\/Votime-ne-Gaza-per-here-te-pare-ne-20-vjet.jpg\" style=\"width:100%;height:auto;margin-bottom:20px\"><\/p>\n<p>\u0130srail taraf\u0131ndan yok edilen bir \u00fclkede siyasi \u00e7eki\u015fmeler<\/p>\n<p>Filistinliler bug\u00fcn, 25 Nisan&#8217;da, yirmi y\u0131ld\u0131r ilk kez Gazze&#8217;yi de kapsayan yerel se\u00e7imlerde oy kullan\u0131yor ve bu se\u00e7im, \u0130srail h\u00fck\u00fcmetinin bir Filistin devletinin gelece\u011fini yok etmeye \u00e7al\u0131\u015ft\u0131\u011f\u0131 bir d\u00f6nemdeki siyasi ruh halini \u00f6l\u00e7ecek.<\/p>\n<p>Bat\u0131 \u015eeria merkezli Filistin Y\u00f6netimi, Gazze kenti Deir el-Balah&#8217;\u0131n sembolik olarak dahil edilmesinin, harap olmu\u015f b\u00f6lgeyi y\u00f6netme iddias\u0131n\u0131 g\u00fc\u00e7lendirmeye yard\u0131mc\u0131 olaca\u011f\u0131n\u0131 umuyor. Hamas&#8217;\u0131n onu 2007&#8217;de kovdu\u011fu sava\u015ftan.<\/p>\n<p>Hala harap olmu\u015f yerle\u015fim b\u00f6lgesinde temel ihtiya\u00e7lar\u0131n\u0131 kar\u015f\u0131lamak i\u00e7in m\u00fccadele eden Gazze sakinleri, oy verme \u015fans\u0131n\u0131 memnuniyetle kar\u015f\u0131lad\u0131lar.<\/p>\n<p>\u015eehirdeki \u00e7ad\u0131r evlerinin \u00f6n\u00fcnde ailenin vazolar\u0131n\u0131n yan\u0131nda oturan Adham Al-Bardini, &#8220;Do\u011fdu\u011fumdan beri se\u00e7imler duyuyorum&#8221; dedi.<\/p>\n<p>&#8220;Kat\u0131lmaya hevesliyiz&#8230; b\u00f6ylece bu ger\u00e7e\u011fi de\u011fi\u015ftirebiliriz. Avrupa ve Arap h\u00fck\u00fcmetleri, Filistin Y\u00f6netimi y\u00f6netiminin Gazze&#8217;ye geri d\u00f6nmesini ve Filistin Y\u00f6netimi&#8217;nin \u0130srail i\u015fgali alt\u0131nda s\u0131n\u0131rl\u0131 \u00f6z y\u00f6netim uygulad\u0131\u011f\u0131 Gazze, Do\u011fu Kud\u00fcs ve Bat\u0131 \u015eeria&#8217;y\u0131 kapsayacak ba\u011f\u0131ms\u0131z bir Filistin devletinin kurulmas\u0131n\u0131 geni\u015f \u00f6l\u00e7\u00fcde destekliyor.<\/p>\n<p>Bat\u0131l\u0131 diplomatlar, yerel se\u00e7imlerin yakla\u015f\u0131k yirmi y\u0131l i\u00e7inde ilk ulusal se\u00e7imlerin \u00f6n\u00fcn\u00fc a\u00e7abilece\u011fini ve Filistin Y\u00f6netimi&#8217;nin olduk\u00e7a alt\u0131nda oldu\u011funu s\u00f6yledi\u011fi \u015feffafl\u0131k ve hesap verebilirli\u011fi art\u0131rmaya y\u00f6nelik reformlar\u0131n ilerlemesine yard\u0131mc\u0131 olabilece\u011fini s\u00f6yl\u00fcyor. <\/p>\n<p>Bunlar, Gazze&#8217;deki sava\u015f\u0131n iki y\u0131l\u0131 a\u015fk\u0131n bir s\u00fcre \u00f6nce Hamas&#8217;\u0131n \u0130srail&#8217;in g\u00fcneyindeki topluluklara y\u00f6nelik s\u0131n\u0131r \u00f6tesi sald\u0131r\u0131s\u0131yla ba\u015flamas\u0131ndan bu yana d\u00fczenlenen ilk Filistin se\u00e7imleri.<\/p>\n<p>Reuters, belediye se\u00e7imlerinin en son Bat\u0131 \u015eeria&#8217;da d\u00f6rt y\u0131l \u00f6nce yap\u0131ld\u0131\u011f\u0131n\u0131 bildirdi.<\/p>\n<p>2023 \u0130srail sald\u0131r\u0131s\u0131ndan di\u011fer Gazze \u015fehirlerine g\u00f6re daha az zarar g\u00f6ren Deir al-Balah&#8217;ta, adaylar\u0131n listelendi\u011fi pankartlar binalara as\u0131l\u0131yor. Oylamalar\u0131n bir k\u0131sm\u0131 \u00e7ad\u0131rlarda yap\u0131lacak ve elektrik kesintileri nedeniyle s\u00fcre\u00e7 iki saat erken sona erecek.<\/p>\n<p>Bir\u00e7ok Filistinli grup, Filistin Y\u00f6netimi&#8217;nin, adaylar\u0131n \u0130srail devletinin tan\u0131nmas\u0131n\u0131 da i\u00e7eren anla\u015fmalar\u0131 desteklemesi y\u00f6n\u00fcndeki talebini protesto etmek amac\u0131yla se\u00e7imi boykot ediyor.<\/p>\n<p>Yakla\u015f\u0131k yirmi y\u0131ld\u0131r Gazze&#8217;yi y\u00f6neten Hamas, Deir se\u00e7imlerinde resmi olarak tek bir aday g\u00f6stermedi ancak bir liste \u00e7\u0131kard\u0131. el-Balah, b\u00f6lge sakinleri ve analistler taraf\u0131ndan geni\u015f \u00e7apta ona ba\u011fl\u0131 olarak g\u00f6r\u00fcl\u00fcyor.<\/p>\n<p>Bat\u0131 \u015eeria&#8217;dakiler de dahil olmak \u00fczere \u00e7o\u011fu aday, Filistin Y\u00f6netimi&#8217;nin arkas\u0131ndaki ana siyasi hareket olan El Fetih&#8217;in \u015femsiyesi alt\u0131nda veya ba\u011f\u0131ms\u0131zlar olarak yar\u0131\u015f\u0131yor.<\/p>\n<p>Hamas sonu\u00e7lara sayg\u0131 duyaca\u011f\u0131n\u0131 s\u00f6yledi ve Filistinli kaynaklar oylamadan \u00f6nce Reuters&#8217;e grubun sivil polisinin Gazze&#8217;deki oy verme merkezlerinin g\u00fcvenli\u011fini sa\u011flamak i\u00e7in g\u00f6revlendirilece\u011fini s\u00f6yledi.<\/p>\n<p>Filistin Se\u00e7imleri Merkez Komitesi daha fazlas\u0131n\u0131 s\u00f6yledi. 70.000&#8217;i Gazze&#8217;de olmak \u00fczere bir milyondan fazla Filistinli oy kullanma hakk\u0131na sahipti ve sonu\u00e7lar\u0131n Cumartesi veya Pazar g\u00fcn\u00fc ge\u00e7 saatlerde \u00e7\u0131kmas\u0131 bekleniyor. \/tesheshi<\/p>\n<p>Tecr\u00fcbeyi geli\u015ftirmek ve reklamlar\u0131 g\u00f6r\u00fcnt\u00fclemek i\u00e7in \u00e7erezleri kullan\u0131r\u0131z (Google AdSense).<br \/>\n          &#8220;Kabul Et&#8221; se\u00e7ene\u011fine t\u0131klayarak \u00e7erezlerin a\u015fa\u011f\u0131daki \u015fartlara g\u00f6re kullan\u0131lmas\u0131n\u0131 kabul etmi\u015f olursunuz.<br \/>\n          Gizlilik Politikas\u0131<br \/>\n          ve<br \/>\n          \u00c7erez Politikas\u0131.<br \/>\n          &#8220;Reddet&#8221;i t\u0131klayarak gerekli olmayan \u00e7erezleri reddedebilirsiniz.<\/p>\n<hr style=\"margin:30px 0\">\n<p style=\"font-size:13px;color:#666\">Kaynak: <strong>prizrenpost<\/strong><\/p>\n","protected":false},"excerpt":{"rendered":"<p>\u0130srail taraf\u0131ndan yok edilen bir \u00fclkede siyasi \u00e7eki\u015fmeler Filistinliler bug\u00fcn, 25 Nisan&#8217;da, yirmi y\u0131ld\u0131r ilk kez Gazze&#8217;yi de kapsayan yerel se\u00e7imlerde oy kullan\u0131yor ve bu se\u00e7im, \u0130srail h\u00fck\u00fcmetinin bir Filistin devletinin gelece\u011fini yok etmeye \u00e7al\u0131\u015ft\u0131\u011f\u0131 bir d\u00f6nemdeki siyasi ruh halini \u00f6l\u00e7ecek. Bat\u0131 \u015eeria merkezli Filistin Y\u00f6netimi, Gazze kenti Deir el-Balah&#8217;\u0131n sembolik olarak dahil edilmesinin, harap [&hellip;]<\/p>\n","protected":false},"author":1,"featured_media":42336,"comment_status":"open","ping_status":"open","sticky":false,"template":"","format":"standard","meta":{"footnotes":""},"categories":[24],"tags":[179],"class_list":["post-42335","post","type-post","status-publish","format-standard","has-post-thumbnail","hentry","category-dunya","tag-aktuel"],"views":6,"_links":{"self":[{"href":"https:\/\/prizrenpost.com\/tr\/wp-json\/wp\/v2\/posts\/42335","targetHints":{"allow":["GET"]}}],"collection":[{"href":"https:\/\/prizrenpost.com\/tr\/wp-json\/wp\/v2\/posts"}],"about":[{"href":"https:\/\/prizrenpost.com\/tr\/wp-json\/wp\/v2\/types\/post"}],"author":[{"embeddable":true,"href":"https:\/\/prizrenpost.com\/tr\/wp-json\/wp\/v2\/users\/1"}],"replies":[{"embeddable":true,"href":"https:\/\/prizrenpost.com\/tr\/wp-json\/wp\/v2\/comments?post=42335"}],"version-history":[{"count":1,"href":"https:\/\/prizrenpost.com\/tr\/wp-json\/wp\/v2\/posts\/42335\/revisions"}],"predecessor-version":[{"id":42337,"href":"https:\/\/prizrenpost.com\/tr\/wp-json\/wp\/v2\/posts\/42335\/revisions\/42337"}],"wp:featuredmedia":[{"embeddable":true,"href":"https:\/\/prizrenpost.com\/tr\/wp-json\/wp\/v2\/media\/42336"}],"wp:attachment":[{"href":"https:\/\/prizrenpost.com\/tr\/wp-json\/wp\/v2\/media?parent=42335"}],"wp:term":[{"taxonomy":"category","embeddable":true,"href":"https:\/\/prizrenpost.com\/tr\/wp-json\/wp\/v2\/categories?post=42335"},{"taxonomy":"post_tag","embeddable":true,"href":"https:\/\/prizrenpost.com\/tr\/wp-json\/wp\/v2\/tags?post=42335"}],"curies":[{"name":"wp","href":"https:\/\/api.w.org\/{rel}","templated":true}]}}