{"id":42455,"date":"2026-04-26T07:55:43","date_gmt":"2026-04-26T05:55:43","guid":{"rendered":"https:\/\/prizrenpost.com\/tr\/netanyahu-lubnanda-hizbullaha-yonelik-siddetli-saldiri-emri-verdi\/"},"modified":"2026-04-26T07:55:46","modified_gmt":"2026-04-26T05:55:46","slug":"netanyahu-lubnanda-hizbullaha-yonelik-siddetli-saldiri-emri-verdi","status":"publish","type":"post","link":"https:\/\/prizrenpost.com\/tr\/netanyahu-lubnanda-hizbullaha-yonelik-siddetli-saldiri-emri-verdi\/","title":{"rendered":"Netanyahu L\u00fcbnan&#8217;da Hizbullah&#8217;a y\u00f6nelik \u015fiddetli sald\u0131r\u0131 emri verdi"},"content":{"rendered":"<p><img decoding=\"async\" src=\"https:\/\/prizrenpost.com\/tr\/wp-content\/uploads\/2026\/04\/d70bb7a0-4104-11f1-b55d-0f258dce1735.jpg.jpg\" style=\"width:100%;height:auto;margin-bottom:20px\"><\/p>\n<p>\u0130srail Ba\u015fbakan\u0131 Binyamin Netanyahu, ate\u015fkesin \u00fc\u00e7 hafta daha uzat\u0131lmas\u0131ndan sadece iki g\u00fcn sonra orduya L\u00fcbnan&#8217;daki &#8220;Hizbullah hedeflerini g\u00fc\u00e7l\u00fc bir \u015fekilde vurmas\u0131&#8221; emrini verdi.<\/p>\n<p>Bu emrin ard\u0131ndan g\u00fcney L\u00fcbnan&#8217;da yeni \u0130srail sald\u0131r\u0131lar\u0131 bildirildi; resmi L\u00fcbnan kaynaklar\u0131na g\u00f6re Cumartesi g\u00fcn\u00fc en az alt\u0131 ki\u015fi \u00f6ld\u00fcr\u00fcld\u00fc.<\/p>\n<p>Sald\u0131r\u0131lar aras\u0131nda Yohmor al-Shaqeef b\u00f6lgesinde bir kamyon ve bir motosiklet de vard\u0131. Nebatieh b\u00f6lgesinde ise d\u00f6rt ki\u015fi hayat\u0131n\u0131 kaybetti. Bu arada Bint Cbeil b\u00f6lgesindeki Safad el Battikh kasabas\u0131nda d\u00fczenlenen ba\u015fka bir sald\u0131r\u0131da iki ki\u015fi daha \u00f6ld\u00fc ve 17 ki\u015fi de yaraland\u0131.<\/p>\n<p>\u0130srail ordusu, silah ta\u015f\u0131d\u0131klar\u0131 iddias\u0131yla d\u00f6rt Hizbullah \u00fcyesini &#8220;ortadan kald\u0131rd\u0131\u011f\u0131n\u0131&#8221; s\u00f6yledi.<\/p>\n<p>\u0130ki taraf aras\u0131nda s\u00fcrekli devam eden s\u0131n\u0131r \u00f6tesi \u00e7at\u0131\u015fmalar gerilimi art\u0131rd\u0131 ve iki taraf aras\u0131ndaki g\u00f6r\u00fc\u015fmelerin ard\u0131ndan uzat\u0131lan k\u0131r\u0131lgan ate\u015fkesi tehlikeye att\u0131. \u0130ki \u00fclkenin temsilcileri Washington&#8217;da. \/message<\/p>\n<p>Tecr\u00fcbeyi geli\u015ftirmek ve reklamlar\u0131 g\u00f6r\u00fcnt\u00fclemek i\u00e7in \u00e7erezleri kullan\u0131r\u0131z (Google AdSense).<br \/>\n          &#8220;Kabul Et&#8221; se\u00e7ene\u011fine t\u0131klayarak \u00e7erezlerin a\u015fa\u011f\u0131daki \u015fartlara g\u00f6re kullan\u0131lmas\u0131n\u0131 kabul etmi\u015f olursunuz.<br \/>\n          Gizlilik Politikas\u0131<br \/>\n          ve<br \/>\n          \u00c7erez Politikas\u0131.<br \/>\n          &#8220;Reddet&#8221;i t\u0131klayarak gerekli olmayan \u00e7erezleri reddedebilirsiniz.<\/p>\n<hr style=\"margin:30px 0\">\n<p style=\"font-size:13px;color:#666\">Kaynak: <strong>prizrenpost<\/strong><\/p>\n","protected":false},"excerpt":{"rendered":"<p>\u0130srail Ba\u015fbakan\u0131 Binyamin Netanyahu, ate\u015fkesin \u00fc\u00e7 hafta daha uzat\u0131lmas\u0131ndan sadece iki g\u00fcn sonra orduya L\u00fcbnan&#8217;daki &#8220;Hizbullah hedeflerini g\u00fc\u00e7l\u00fc bir \u015fekilde vurmas\u0131&#8221; emrini verdi. Bu emrin ard\u0131ndan g\u00fcney L\u00fcbnan&#8217;da yeni \u0130srail sald\u0131r\u0131lar\u0131 bildirildi; resmi L\u00fcbnan kaynaklar\u0131na g\u00f6re Cumartesi g\u00fcn\u00fc en az alt\u0131 ki\u015fi \u00f6ld\u00fcr\u00fcld\u00fc. Sald\u0131r\u0131lar aras\u0131nda Yohmor al-Shaqeef b\u00f6lgesinde bir kamyon ve bir motosiklet de vard\u0131. [&hellip;]<\/p>\n","protected":false},"author":1,"featured_media":42456,"comment_status":"open","ping_status":"open","sticky":false,"template":"","format":"standard","meta":{"footnotes":""},"categories":[24],"tags":[179],"class_list":["post-42455","post","type-post","status-publish","format-standard","has-post-thumbnail","hentry","category-dunya","tag-aktuel"],"views":5,"_links":{"self":[{"href":"https:\/\/prizrenpost.com\/tr\/wp-json\/wp\/v2\/posts\/42455","targetHints":{"allow":["GET"]}}],"collection":[{"href":"https:\/\/prizrenpost.com\/tr\/wp-json\/wp\/v2\/posts"}],"about":[{"href":"https:\/\/prizrenpost.com\/tr\/wp-json\/wp\/v2\/types\/post"}],"author":[{"embeddable":true,"href":"https:\/\/prizrenpost.com\/tr\/wp-json\/wp\/v2\/users\/1"}],"replies":[{"embeddable":true,"href":"https:\/\/prizrenpost.com\/tr\/wp-json\/wp\/v2\/comments?post=42455"}],"version-history":[{"count":1,"href":"https:\/\/prizrenpost.com\/tr\/wp-json\/wp\/v2\/posts\/42455\/revisions"}],"predecessor-version":[{"id":42457,"href":"https:\/\/prizrenpost.com\/tr\/wp-json\/wp\/v2\/posts\/42455\/revisions\/42457"}],"wp:featuredmedia":[{"embeddable":true,"href":"https:\/\/prizrenpost.com\/tr\/wp-json\/wp\/v2\/media\/42456"}],"wp:attachment":[{"href":"https:\/\/prizrenpost.com\/tr\/wp-json\/wp\/v2\/media?parent=42455"}],"wp:term":[{"taxonomy":"category","embeddable":true,"href":"https:\/\/prizrenpost.com\/tr\/wp-json\/wp\/v2\/categories?post=42455"},{"taxonomy":"post_tag","embeddable":true,"href":"https:\/\/prizrenpost.com\/tr\/wp-json\/wp\/v2\/tags?post=42455"}],"curies":[{"name":"wp","href":"https:\/\/api.w.org\/{rel}","templated":true}]}}