{"id":42458,"date":"2026-04-26T07:55:48","date_gmt":"2026-04-26T05:55:48","guid":{"rendered":"https:\/\/prizrenpost.com\/tr\/buyuk-guvenlik-krizi-iran-ic-hainleri-vuruyor\/"},"modified":"2026-04-26T07:55:50","modified_gmt":"2026-04-26T05:55:50","slug":"buyuk-guvenlik-krizi-iran-ic-hainleri-vuruyor","status":"publish","type":"post","link":"https:\/\/prizrenpost.com\/tr\/buyuk-guvenlik-krizi-iran-ic-hainleri-vuruyor\/","title":{"rendered":"B\u00fcy\u00fck g\u00fcvenlik krizi, \u0130ran i\u00e7 &#8216;hainleri&#8217; vuruyor"},"content":{"rendered":"<p><img decoding=\"async\" src=\"https:\/\/prizrenpost.com\/tr\/wp-content\/uploads\/2026\/04\/800-0-9a5e7f1ca3b8f949010b7423ceb271dd.jpg\" style=\"width:100%;height:auto;margin-bottom:20px\"><\/p>\n<p>\u0130ran&#8217;\u0131n adalet ba\u015fkan\u0131 Mohsen Ejei, casuslar\u0131n ve hainlerin s\u0131k\u0131y\u00f6netim alt\u0131nda yarg\u0131lanaca\u011f\u0131n\u0131 ve sava\u015f a\u015famas\u0131n\u0131n hakl\u0131 g\u00f6rd\u00fc\u011f\u00fc \u00f6nlemleri uygulayaca\u011f\u0131n\u0131 a\u00e7\u0131k\u00e7a belirtti. Buna, muhaliflere veya ABD-\u0130srail ekseniyle i\u015fbirli\u011fi yapt\u0131\u011f\u0131ndan \u015f\u00fcphelenilenlere y\u00f6nelik sert ve cayd\u0131r\u0131c\u0131 bir mesaj olarak yayg\u0131n tutuklamalar ve infazlar e\u015flik etti.<\/p>\n<p>Son zamanlarda bir mahkeme karar\u0131, \u0130ran Ulusal Atom Ajans\u0131 \u00fcyesi Mehdi Farid&#8217;in idam edilmesine yol a\u00e7t\u0131. 2023 y\u0131l\u0131nda tutuklanarak \u00f6nce 10 y\u0131l hapis cezas\u0131na \u00e7arpt\u0131r\u0131ld\u0131, ancak daha sonra cezas\u0131 infaz olarak de\u011fi\u015ftirildi. Adli makamlara g\u00f6re kendisi, \u0130srail gizli servisi Mossad ile i\u015fbirli\u011fi yapmak, bilgi sa\u011flamak ve dijital sistemlere vir\u00fcs bula\u015ft\u0131rmakla su\u00e7lan\u0131yordu.<\/p>\n<p>Bunlar, \u00e7at\u0131\u015fma \u00f6ncesinde ve \u00e7at\u0131\u015fma s\u0131ras\u0131nda tutuklanan ki\u015filere y\u00f6nelik en yayg\u0131n su\u00e7lamalardan baz\u0131lar\u0131.<\/p>\n<p>20 Nisan&#8217;da, bir i\u00e7 muhalefet grubu olan M\u00fccahidin-i Halk&#8217;\u0131n iki \u00fcyesi idam edildi. Bu arada A\u011fustos-Ekim d\u00f6neminde n\u00fckleer sekt\u00f6rden bir teknisyen ve bir bilim adam\u0131 da &#8220;d\u00fc\u015fmanla&#8221; i\u015fbirli\u011fi yapt\u0131\u011f\u0131ndan \u015f\u00fcphelenilerek idam edildi.<\/p>\n<p>Yetkililere g\u00f6re bu infaz ve tutuklamalar, rakip istihbarat te\u015fkilatlar\u0131n\u0131n s\u0131zmalar\u0131na kar\u015f\u0131 verilen yan\u0131tla ilgili. Haziran krizi ve Epic Fury Operasyonu s\u0131ras\u0131nda \u0130srail ve Amerikan servisleri de dahil olmak \u00fczere yabanc\u0131 servislerin \u0130ran sistemine y\u00fcksek d\u00fczeyde s\u0131zmay\u0131 ba\u015fard\u0131\u011f\u0131 s\u00f6yleniyor. Ara\u015ft\u0131rma programlar\u0131yla ili\u015fkili bilim adamlar\u0131n\u0131n ortadan kald\u0131r\u0131lmas\u0131 ve \u00e7ok say\u0131da askeri fig\u00fcr\u00fcn \u00f6ld\u00fcr\u00fclmesi, rejime ciddi darbeler olarak kabul ediliyor ancak bunlar belirleyici de\u011fil.<\/p>\n<p>Bu nedenle g\u00fcvenlik ayg\u0131tlar\u0131, d\u0131\u015f hizmetlerle i\u015fbirlik\u00e7ileri arayarak ve stratejik tesislerin korunmas\u0131n\u0131 art\u0131rarak s\u0131zma \u015f\u00fcphelilerinin takibini yo\u011funla\u015ft\u0131rd\u0131.<\/p>\n<p>Yetkililerin analizlerine g\u00f6re, bu sert \u00e7izgi yaln\u0131zca bir kar\u015f\u0131 \u00f6nlem olarak de\u011fil, ayn\u0131 zamanda i\u00e7 ele\u015ftirileri de frenleme i\u015flevi g\u00f6r\u00fcyor. Ge\u00e7mi\u015fte, \u00fcnl\u00fc bilim adam\u0131 Mohsen Fakhrizadeh&#8217;in \u00f6ld\u00fcr\u00fclmesi gibi hedefli cinayetler, g\u00fcvenlik ba\u015far\u0131s\u0131zl\u0131klar\u0131 ve Mossad&#8217;\u0131n \u0130ran yap\u0131lar\u0131na s\u0131zmas\u0131yla ilgili tart\u0131\u015fmalara yol a\u00e7m\u0131\u015ft\u0131.<\/p>\n<p>Bask\u0131lar\u0131n bir ba\u015fka cephesi de hem \u00f6rg\u00fcts\u00fcz protestocular\u0131 hem de siyasi gruplar\u0131 i\u00e7eren i\u00e7 muhalefet oldu. Mahkemeler, ge\u00e7en k\u0131\u015ftaki protestolara kat\u0131lan ve \u015fiddet ve devlet kurumlar\u0131na sald\u0131r\u0131 su\u00e7lamas\u0131yla su\u00e7lanan ki\u015filerin pe\u015fine d\u00fc\u015ft\u00fc. Ayr\u0131ca, d\u0131\u015f hizmetlerle i\u015fbirlik\u00e7i olduklar\u0131ndan \u015f\u00fcphelenilen K\u00fcrtler ve Araplar gibi etnik az\u0131nl\u0131klara kar\u015f\u0131 da g\u00fc\u00e7l\u00fc kampanyalar y\u00fcr\u00fct\u00fcl\u00fcyor. Ge\u00e7ti\u011fimiz g\u00fcnlerde Fars ajans\u0131, K\u00fcrdistan ve Kirman\u015fah vilayetlerindeki bir a\u011f\u0131n yok edildi\u011fini, ABD ve \u0130srail&#8217;in deste\u011fiyle eylem planlar\u0131ndan \u015f\u00fcphelenilen ve &#8220;kar\u015f\u0131-devrimci&#8221; olarak tan\u0131mlanan 250&#8217;den fazla ki\u015finin tutukland\u0131\u011f\u0131n\u0131 duyurdu. Ayr\u0131l\u0131k\u00e7\u0131 Arap gruplar\u0131n faaliyet g\u00f6sterdi\u011fi Huzistan b\u00f6lgesinde de benzer operasyonlar y\u00fcr\u00fct\u00fcld\u00fc.<\/p>\n<p>Raporlara g\u00f6re bu bask\u0131 dalgas\u0131, hem isyanlar i\u00e7in bir uyar\u0131, bir cezaland\u0131rma hem de b\u00fcy\u00fck bir i\u00e7 ve d\u0131\u015f bask\u0131 alt\u0131nda olan ve kendi liderlerinin tutumlar\u0131 konusunda b\u00f6l\u00fcnm\u00fc\u015f durumda olan \u0130ran&#8217;da yeni protestolar i\u00e7in her t\u00fcrl\u00fc alan\u0131 kapatma giri\u015fimi olarak hizmet ediyor.<\/p>\n<p>Tecr\u00fcbeyi iyile\u015ftirmek ve reklam g\u00f6r\u00fcnt\u00fclemek i\u00e7in \u00e7erezleri kullan\u0131yoruz (Google AdSense).<br \/>\n          &#8220;Kabul Et&#8221; se\u00e7ene\u011fine t\u0131klayarak \u00e7erezlerin a\u015fa\u011f\u0131daki \u015fartlara g\u00f6re kullan\u0131lmas\u0131n\u0131 kabul etmi\u015f olursunuz.<br \/>\n          Gizlilik Politikas\u0131<br \/>\n          ve<br \/>\n          \u00c7erez Politikas\u0131.<br \/>\n          &#8220;Reddet&#8221;i t\u0131klayarak gerekli olmayan \u00e7erezleri reddedebilirsiniz.<\/p>\n<hr style=\"margin:30px 0\">\n<p style=\"font-size:13px;color:#666\">Kaynak: <strong>prizrenpost<\/strong><\/p>\n","protected":false},"excerpt":{"rendered":"<p>\u0130ran&#8217;\u0131n adalet ba\u015fkan\u0131 Mohsen Ejei, casuslar\u0131n ve hainlerin s\u0131k\u0131y\u00f6netim alt\u0131nda yarg\u0131lanaca\u011f\u0131n\u0131 ve sava\u015f a\u015famas\u0131n\u0131n hakl\u0131 g\u00f6rd\u00fc\u011f\u00fc \u00f6nlemleri uygulayaca\u011f\u0131n\u0131 a\u00e7\u0131k\u00e7a belirtti. Buna, muhaliflere veya ABD-\u0130srail ekseniyle i\u015fbirli\u011fi yapt\u0131\u011f\u0131ndan \u015f\u00fcphelenilenlere y\u00f6nelik sert ve cayd\u0131r\u0131c\u0131 bir mesaj olarak yayg\u0131n tutuklamalar ve infazlar e\u015flik etti. Son zamanlarda bir mahkeme karar\u0131, \u0130ran Ulusal Atom Ajans\u0131 \u00fcyesi Mehdi Farid&#8217;in idam edilmesine [&hellip;]<\/p>\n","protected":false},"author":1,"featured_media":42459,"comment_status":"open","ping_status":"open","sticky":false,"template":"","format":"standard","meta":{"footnotes":""},"categories":[24],"tags":[179],"class_list":["post-42458","post","type-post","status-publish","format-standard","has-post-thumbnail","hentry","category-dunya","tag-aktuel"],"views":3,"_links":{"self":[{"href":"https:\/\/prizrenpost.com\/tr\/wp-json\/wp\/v2\/posts\/42458","targetHints":{"allow":["GET"]}}],"collection":[{"href":"https:\/\/prizrenpost.com\/tr\/wp-json\/wp\/v2\/posts"}],"about":[{"href":"https:\/\/prizrenpost.com\/tr\/wp-json\/wp\/v2\/types\/post"}],"author":[{"embeddable":true,"href":"https:\/\/prizrenpost.com\/tr\/wp-json\/wp\/v2\/users\/1"}],"replies":[{"embeddable":true,"href":"https:\/\/prizrenpost.com\/tr\/wp-json\/wp\/v2\/comments?post=42458"}],"version-history":[{"count":1,"href":"https:\/\/prizrenpost.com\/tr\/wp-json\/wp\/v2\/posts\/42458\/revisions"}],"predecessor-version":[{"id":42460,"href":"https:\/\/prizrenpost.com\/tr\/wp-json\/wp\/v2\/posts\/42458\/revisions\/42460"}],"wp:featuredmedia":[{"embeddable":true,"href":"https:\/\/prizrenpost.com\/tr\/wp-json\/wp\/v2\/media\/42459"}],"wp:attachment":[{"href":"https:\/\/prizrenpost.com\/tr\/wp-json\/wp\/v2\/media?parent=42458"}],"wp:term":[{"taxonomy":"category","embeddable":true,"href":"https:\/\/prizrenpost.com\/tr\/wp-json\/wp\/v2\/categories?post=42458"},{"taxonomy":"post_tag","embeddable":true,"href":"https:\/\/prizrenpost.com\/tr\/wp-json\/wp\/v2\/tags?post=42458"}],"curies":[{"name":"wp","href":"https:\/\/api.w.org\/{rel}","templated":true}]}}