{"id":42461,"date":"2026-04-26T07:55:54","date_gmt":"2026-04-26T05:55:54","guid":{"rendered":"https:\/\/prizrenpost.com\/tr\/el-tadamon-kasabi-tutuklandi-katliamin-kurbanlari-icin-adalet-ertelendi\/"},"modified":"2026-04-26T07:55:56","modified_gmt":"2026-04-26T05:55:56","slug":"el-tadamon-kasabi-tutuklandi-katliamin-kurbanlari-icin-adalet-ertelendi","status":"publish","type":"post","link":"https:\/\/prizrenpost.com\/tr\/el-tadamon-kasabi-tutuklandi-katliamin-kurbanlari-icin-adalet-ertelendi\/","title":{"rendered":"&#8220;El-Tadamon Kasab\u0131&#8221; tutukland\u0131, katliam\u0131n kurbanlar\u0131 i\u00e7in adalet ertelendi"},"content":{"rendered":"<p><img decoding=\"async\" src=\"https:\/\/prizrenpost.com\/tr\/wp-content\/uploads\/2026\/04\/Amjad-Youssef-1.jpg\" style=\"width:100%;height:auto;margin-bottom:20px\"><\/p>\n<p>Suriye g\u00fcvenlik g\u00fc\u00e7leri, 2013 y\u0131l\u0131nda \u015eam&#8217;\u0131n El Tadamon mahallesinde ya\u015fanan katliam\u0131n ana sorumlusu olmakla su\u00e7lanan ve &#8220;El Tadamon Kasab\u0131&#8221; olarak bilinen Amjad Youssef&#8217;i tutuklad\u0131.<\/p>\n<p>SANA ajans\u0131na g\u00f6re, tutuklama Cuma g\u00fcn\u00fc yap\u0131ld\u0131 ve insan haklar\u0131 \u00f6rg\u00fctleri ve yerel g\u00f6zlemciler taraf\u0131ndan \u00f6nemli bir geli\u015fme olarak g\u00f6r\u00fcl\u00fcyor ve ailelerin neredeyse on y\u0131ld\u0131r s\u00fcren adalet bekleyi\u015fine son veriliyor. <\/p>\n<p>Faillerin bizzat \u00e7ekti\u011fi videolarla belgelenen ve The Guardian&#8217;\u0131n 2022&#8217;de yapt\u0131\u011f\u0131 bir ara\u015ft\u0131rmada yay\u0131nlanan katliam, silahs\u0131z sivillerin vah\u015fice infaz edildi\u011fini g\u00f6steriyordu. Kurbanlar yanan bir \u00e7ukura do\u011fru y\u00fcr\u00fcmeye zorland\u0131lar ve orada \u00f6ld\u00fcr\u00fcld\u00fcler. Soru\u015fturmaya g\u00f6re bu su\u00e7ta 41 ki\u015fi hayat\u0131n\u0131 kaybetti.<\/p>\n<p>Devrilen rejimin askeri istihbarat\u0131nda eski bir subay olan Youssef \u015fu anda g\u00f6zalt\u0131nda ve adalet \u00f6n\u00fcne \u00e7\u0131kmas\u0131 bekleniyor. Yetkililer, di\u011fer olas\u0131 i\u015fbirlik\u00e7ilerin belirlenmesi i\u00e7in soru\u015fturmalar\u0131n devam edece\u011fini duyurdu.<\/p>\n<p>Tutuklama, ger\u00e7e\u011fin ortaya \u00e7\u0131kar\u0131lmas\u0131 ve Suriye&#8217;deki \u00e7at\u0131\u015fma s\u0131ras\u0131nda i\u015flenen su\u00e7lar\u0131n faillerinin sorumlu tutulmas\u0131 y\u00f6n\u00fcnde \u00f6nemli bir ad\u0131m olarak g\u00f6r\u00fcl\u00fcyor ancak ma\u011fdur aileleri, geciken adaletin kay\u0131plar\u0131n\u0131 telafi edemeyece\u011fini vurguluyor. \/message<\/p>\n<p>Tecr\u00fcbeyi geli\u015ftirmek ve reklamlar\u0131 g\u00f6r\u00fcnt\u00fclemek i\u00e7in \u00e7erezleri kullan\u0131r\u0131z (Google AdSense).<br \/>\n          &#8220;Kabul Et&#8221; se\u00e7ene\u011fine t\u0131klayarak \u00e7erezlerin a\u015fa\u011f\u0131daki \u015fartlara g\u00f6re kullan\u0131lmas\u0131n\u0131 kabul etmi\u015f olursunuz.<br \/>\n          Gizlilik Politikas\u0131<br \/>\n          ve<br \/>\n          \u00c7erez Politikas\u0131.<br \/>\n          &#8220;Reddet&#8221;i t\u0131klayarak gerekli olmayan \u00e7erezleri reddedebilirsiniz.<\/p>\n<hr style=\"margin:30px 0\">\n<p style=\"font-size:13px;color:#666\">Kaynak: <strong>prizrenpost<\/strong><\/p>\n","protected":false},"excerpt":{"rendered":"<p>Suriye g\u00fcvenlik g\u00fc\u00e7leri, 2013 y\u0131l\u0131nda \u015eam&#8217;\u0131n El Tadamon mahallesinde ya\u015fanan katliam\u0131n ana sorumlusu olmakla su\u00e7lanan ve &#8220;El Tadamon Kasab\u0131&#8221; olarak bilinen Amjad Youssef&#8217;i tutuklad\u0131. SANA ajans\u0131na g\u00f6re, tutuklama Cuma g\u00fcn\u00fc yap\u0131ld\u0131 ve insan haklar\u0131 \u00f6rg\u00fctleri ve yerel g\u00f6zlemciler taraf\u0131ndan \u00f6nemli bir geli\u015fme olarak g\u00f6r\u00fcl\u00fcyor ve ailelerin neredeyse on y\u0131ld\u0131r s\u00fcren adalet bekleyi\u015fine son veriliyor. Faillerin [&hellip;]<\/p>\n","protected":false},"author":1,"featured_media":42462,"comment_status":"open","ping_status":"open","sticky":false,"template":"","format":"standard","meta":{"footnotes":""},"categories":[24],"tags":[179],"class_list":["post-42461","post","type-post","status-publish","format-standard","has-post-thumbnail","hentry","category-dunya","tag-aktuel"],"views":6,"_links":{"self":[{"href":"https:\/\/prizrenpost.com\/tr\/wp-json\/wp\/v2\/posts\/42461","targetHints":{"allow":["GET"]}}],"collection":[{"href":"https:\/\/prizrenpost.com\/tr\/wp-json\/wp\/v2\/posts"}],"about":[{"href":"https:\/\/prizrenpost.com\/tr\/wp-json\/wp\/v2\/types\/post"}],"author":[{"embeddable":true,"href":"https:\/\/prizrenpost.com\/tr\/wp-json\/wp\/v2\/users\/1"}],"replies":[{"embeddable":true,"href":"https:\/\/prizrenpost.com\/tr\/wp-json\/wp\/v2\/comments?post=42461"}],"version-history":[{"count":1,"href":"https:\/\/prizrenpost.com\/tr\/wp-json\/wp\/v2\/posts\/42461\/revisions"}],"predecessor-version":[{"id":42463,"href":"https:\/\/prizrenpost.com\/tr\/wp-json\/wp\/v2\/posts\/42461\/revisions\/42463"}],"wp:featuredmedia":[{"embeddable":true,"href":"https:\/\/prizrenpost.com\/tr\/wp-json\/wp\/v2\/media\/42462"}],"wp:attachment":[{"href":"https:\/\/prizrenpost.com\/tr\/wp-json\/wp\/v2\/media?parent=42461"}],"wp:term":[{"taxonomy":"category","embeddable":true,"href":"https:\/\/prizrenpost.com\/tr\/wp-json\/wp\/v2\/categories?post=42461"},{"taxonomy":"post_tag","embeddable":true,"href":"https:\/\/prizrenpost.com\/tr\/wp-json\/wp\/v2\/tags?post=42461"}],"curies":[{"name":"wp","href":"https:\/\/api.w.org\/{rel}","templated":true}]}}