{"id":42474,"date":"2026-04-26T09:55:47","date_gmt":"2026-04-26T07:55:47","guid":{"rendered":"https:\/\/prizrenpost.com\/tr\/afrika-birligi-malideki-saldirilari-kinadi-guvenlik-gucleriyle-dayanisma-icinde-oldugunu-ifade-etti\/"},"modified":"2026-04-26T09:55:48","modified_gmt":"2026-04-26T07:55:48","slug":"afrika-birligi-malideki-saldirilari-kinadi-guvenlik-gucleriyle-dayanisma-icinde-oldugunu-ifade-etti","status":"publish","type":"post","link":"https:\/\/prizrenpost.com\/tr\/afrika-birligi-malideki-saldirilari-kinadi-guvenlik-gucleriyle-dayanisma-icinde-oldugunu-ifade-etti\/","title":{"rendered":"Afrika Birli\u011fi Mali&#8217;deki sald\u0131r\u0131lar\u0131 k\u0131nad\u0131, g\u00fcvenlik g\u00fc\u00e7leriyle dayan\u0131\u015fma i\u00e7inde oldu\u011funu ifade etti"},"content":{"rendered":"<p><img decoding=\"async\" src=\"https:\/\/prizrenpost.com\/tr\/wp-content\/uploads\/2026\/04\/Mahmoud-Ali-Youssouf.jpg\" style=\"width:100%;height:auto;margin-bottom:20px\"><\/p>\n<p>Afrika Birli\u011fi, Mali&#8217;de son d\u00f6nemde ya\u015fanan sald\u0131r\u0131lar\u0131 k\u0131nayarak, sivillere y\u00f6nelik tehlike uyar\u0131s\u0131nda bulundu.<\/p>\n<p>Afrika Birli\u011fi Komisyonu Ba\u015fkan\u0131 Mahmoud Ali Youssouf, sivil halk\u0131 b\u00fcy\u00fck tehlikeye maruz b\u0131rakabileceklerini vurgulayarak &#8220;bu eylemleri \u015fiddetle k\u0131nad\u0131\u011f\u0131n\u0131&#8221; belirtti.<\/p>\n<p>Ayr\u0131ca, Mali halk\u0131 ve g\u00fcvenlik g\u00fc\u00e7leriyle dayan\u0131\u015fma i\u00e7inde oldu\u011funu ifade ederek \u00f6rg\u00fct\u00fcn bar\u0131\u015f ve istikrara olan ba\u011fl\u0131l\u0131\u011f\u0131n\u0131 yeniden teyit etti.<\/p>\n<p>Aralar\u0131nda \u00e7at\u0131\u015fmalar var. Yetkililerin &#8220;ter\u00f6rist&#8221; olarak tan\u0131mlad\u0131\u011f\u0131 Mali ordusu ve kimli\u011fi belirlenemeyen silahl\u0131 gruplar, ba\u015fkent Bamako ve \u00fclkenin bir\u00e7ok b\u00f6lgesini vurdu.<\/p>\n<p>Mali ordusuna g\u00f6re durum &#8220;kontrol alt\u0131nda&#8221; ve sald\u0131rganlar a\u011f\u0131r kay\u0131plar verdi. Kuzeydeki Gao ve Kidal kentlerinin yan\u0131 s\u0131ra \u00fclkenin orta kesimindeki Sevare&#8217;de de sald\u0131r\u0131lar oldu\u011fu bildirildi. \/message<\/p>\n<p>Tecr\u00fcbeyi geli\u015ftirmek ve reklamlar\u0131 g\u00f6r\u00fcnt\u00fclemek i\u00e7in \u00e7erezleri kullan\u0131r\u0131z (Google AdSense).<br \/>\n          &#8220;Kabul Et&#8221; se\u00e7ene\u011fine t\u0131klayarak \u00e7erezlerin a\u015fa\u011f\u0131daki \u015fartlara g\u00f6re kullan\u0131lmas\u0131n\u0131 kabul etmi\u015f olursunuz.<br \/>\n          Gizlilik Politikas\u0131<br \/>\n          ve<br \/>\n          \u00c7erez Politikas\u0131.<br \/>\n          &#8220;Reddet&#8221;i t\u0131klayarak gerekli olmayan \u00e7erezleri reddedebilirsiniz.<\/p>\n<hr style=\"margin:30px 0\">\n<p style=\"font-size:13px;color:#666\">Kaynak: <strong>prizrenpost<\/strong><\/p>\n","protected":false},"excerpt":{"rendered":"<p>Afrika Birli\u011fi, Mali&#8217;de son d\u00f6nemde ya\u015fanan sald\u0131r\u0131lar\u0131 k\u0131nayarak, sivillere y\u00f6nelik tehlike uyar\u0131s\u0131nda bulundu. Afrika Birli\u011fi Komisyonu Ba\u015fkan\u0131 Mahmoud Ali Youssouf, sivil halk\u0131 b\u00fcy\u00fck tehlikeye maruz b\u0131rakabileceklerini vurgulayarak &#8220;bu eylemleri \u015fiddetle k\u0131nad\u0131\u011f\u0131n\u0131&#8221; belirtti. Ayr\u0131ca, Mali halk\u0131 ve g\u00fcvenlik g\u00fc\u00e7leriyle dayan\u0131\u015fma i\u00e7inde oldu\u011funu ifade ederek \u00f6rg\u00fct\u00fcn bar\u0131\u015f ve istikrara olan ba\u011fl\u0131l\u0131\u011f\u0131n\u0131 yeniden teyit etti. Aralar\u0131nda \u00e7at\u0131\u015fmalar var. [&hellip;]<\/p>\n","protected":false},"author":1,"featured_media":42475,"comment_status":"open","ping_status":"open","sticky":false,"template":"","format":"standard","meta":{"footnotes":""},"categories":[24],"tags":[179],"class_list":["post-42474","post","type-post","status-publish","format-standard","has-post-thumbnail","hentry","category-dunya","tag-aktuel"],"views":4,"_links":{"self":[{"href":"https:\/\/prizrenpost.com\/tr\/wp-json\/wp\/v2\/posts\/42474","targetHints":{"allow":["GET"]}}],"collection":[{"href":"https:\/\/prizrenpost.com\/tr\/wp-json\/wp\/v2\/posts"}],"about":[{"href":"https:\/\/prizrenpost.com\/tr\/wp-json\/wp\/v2\/types\/post"}],"author":[{"embeddable":true,"href":"https:\/\/prizrenpost.com\/tr\/wp-json\/wp\/v2\/users\/1"}],"replies":[{"embeddable":true,"href":"https:\/\/prizrenpost.com\/tr\/wp-json\/wp\/v2\/comments?post=42474"}],"version-history":[{"count":1,"href":"https:\/\/prizrenpost.com\/tr\/wp-json\/wp\/v2\/posts\/42474\/revisions"}],"predecessor-version":[{"id":42476,"href":"https:\/\/prizrenpost.com\/tr\/wp-json\/wp\/v2\/posts\/42474\/revisions\/42476"}],"wp:featuredmedia":[{"embeddable":true,"href":"https:\/\/prizrenpost.com\/tr\/wp-json\/wp\/v2\/media\/42475"}],"wp:attachment":[{"href":"https:\/\/prizrenpost.com\/tr\/wp-json\/wp\/v2\/media?parent=42474"}],"wp:term":[{"taxonomy":"category","embeddable":true,"href":"https:\/\/prizrenpost.com\/tr\/wp-json\/wp\/v2\/categories?post=42474"},{"taxonomy":"post_tag","embeddable":true,"href":"https:\/\/prizrenpost.com\/tr\/wp-json\/wp\/v2\/tags?post=42474"}],"curies":[{"name":"wp","href":"https:\/\/api.w.org\/{rel}","templated":true}]}}