{"id":42479,"date":"2026-04-26T10:00:41","date_gmt":"2026-04-26T08:00:41","guid":{"rendered":"https:\/\/prizrenpost.com\/tr\/belediye-baskani-atina-turistler-tarafindan-boguluyor-dev-bir-otel-degiliz\/"},"modified":"2026-04-26T10:00:42","modified_gmt":"2026-04-26T08:00:42","slug":"belediye-baskani-atina-turistler-tarafindan-boguluyor-dev-bir-otel-degiliz","status":"publish","type":"post","link":"https:\/\/prizrenpost.com\/tr\/belediye-baskani-atina-turistler-tarafindan-boguluyor-dev-bir-otel-degiliz\/","title":{"rendered":"Belediye Ba\u015fkan\u0131: Atina turistler taraf\u0131ndan &#8220;bo\u011fuluyor&#8221;: Dev bir otel de\u011filiz"},"content":{"rendered":"<p><img decoding=\"async\" src=\"https:\/\/prizrenpost.com\/tr\/wp-content\/uploads\/2026\/04\/plaka.jpg\" style=\"width:100%;height:auto;margin-bottom:20px\"><\/p>\n<p>Atina&#8217;n\u0131n kalbinde, dar sokaklar ve arkeolojik alanlar, rehberlerini takip eden turistlerle doludur, ancak sosyalist belediye ba\u015fkan\u0131 Haris Doukas i\u00e7in turizm sezonunun ba\u015flamas\u0131, &#8220;\u015fehrin a\u015f\u0131r\u0131 kalabal\u0131kla\u015fmas\u0131&#8221; ve kontrols\u00fcz geli\u015fme nedeniyle mahallelerin \u00f6zg\u00fcnl\u00fc\u011f\u00fcn\u00fcn kaybolmas\u0131 riskiyle kar\u015f\u0131 kar\u015f\u0131yad\u0131r.<\/p>\n<p>Atina&#8217;n\u0131n, kurallar ve k\u0131s\u0131tlamalar getirilmesinde \u0131srar ederek &#8220;dev bir otel&#8221; olarak i\u015flev g\u00f6remeyece\u011fi ilan edildi. Ge\u00e7en y\u0131l Yunanistan&#8217;\u0131n ba\u015fkentini 8 milyondan fazla ki\u015fi ziyaret etti; bu tarihi bir rekor.<\/p>\n<p>Yak\u0131n zamanda yap\u0131lan bir ara\u015ft\u0131rmaya g\u00f6re, pop\u00fcler Plaka semtindeki k\u0131sa s\u00fcreli konaklamalar 2018&#8217;den bu yana iki kat\u0131na \u00e7\u0131kt\u0131. \u015eehrin elektrik \u015febekesinden su teminine kadar altyap\u0131s\u0131, 700.000 sakini ve milyonlarca turisti idare etme konusunda muazzam bir bask\u0131yla kar\u015f\u0131 kar\u015f\u0131ya.<\/p>\n<p>Muhalefetteki Pasok partisinin deste\u011fiyle 2024 y\u0131l\u0131nda se\u00e7ilen Doukas, 3.800&#8217;den fazla a\u011fa\u00e7 dikti ve Akropolis yak\u0131n\u0131ndaki \u00e7ok katl\u0131 yap\u0131lar\u0131n in\u015fas\u0131 da dahil olmak \u00fczere \u00f6nemli turistik b\u00f6lgelerdeki kapsaml\u0131 in\u015faatlar\u0131 durdurmaya \u00e7al\u0131\u015f\u0131yor. Plaka b\u00f6lgesindeki turist faaliyetlerini s\u0131n\u0131rlamay\u0131 ve turistleri daha az kalabal\u0131k mahallelere ta\u015f\u0131nmaya te\u015fvik etmeyi ama\u00e7l\u0131yor.<\/p>\n<p>Ayr\u0131ca, Barselona belediye ba\u015fkan\u0131 Jaume Collboni&#8217;den ilham alan ve Kas\u0131m 2028&#8217;den itibaren k\u0131sa s\u00fcreli kiralamalar\u0131 yasaklayacak yeni oteller i\u00e7in in\u015faat izinlerinin dondurulmas\u0131 \u00f6nerisi, 10.000&#8217;den fazla dairenin izinlerini iptal edecek ve b\u00f6ylece \u015fehir daha ya\u015fanabilir hale gelecektir.<\/p>\n<p>Tecr\u00fcbeyi geli\u015ftirmek ve reklam g\u00f6r\u00fcnt\u00fclemek i\u00e7in \u00e7erezler kullan\u0131r\u0131z (Google AdSense).<br \/>\n          &#8220;Kabul Et&#8221; se\u00e7ene\u011fine t\u0131klayarak \u00e7erezlerin a\u015fa\u011f\u0131daki \u015fartlara g\u00f6re kullan\u0131lmas\u0131n\u0131 kabul etmi\u015f olursunuz.<br \/>\n          Gizlilik Politikas\u0131<br \/>\n          ve<br \/>\n          \u00c7erez Politikas\u0131.<br \/>\n          &#8220;Reddet&#8221;i t\u0131klayarak gerekli olmayan \u00e7erezleri reddedebilirsiniz.<\/p>\n<hr style=\"margin:30px 0\">\n<p style=\"font-size:13px;color:#666\">Kaynak: <strong>prizrenpost<\/strong><\/p>\n","protected":false},"excerpt":{"rendered":"<p>Atina&#8217;n\u0131n kalbinde, dar sokaklar ve arkeolojik alanlar, rehberlerini takip eden turistlerle doludur, ancak sosyalist belediye ba\u015fkan\u0131 Haris Doukas i\u00e7in turizm sezonunun ba\u015flamas\u0131, &#8220;\u015fehrin a\u015f\u0131r\u0131 kalabal\u0131kla\u015fmas\u0131&#8221; ve kontrols\u00fcz geli\u015fme nedeniyle mahallelerin \u00f6zg\u00fcnl\u00fc\u011f\u00fcn\u00fcn kaybolmas\u0131 riskiyle kar\u015f\u0131 kar\u015f\u0131yad\u0131r. Atina&#8217;n\u0131n, kurallar ve k\u0131s\u0131tlamalar getirilmesinde \u0131srar ederek &#8220;dev bir otel&#8221; olarak i\u015flev g\u00f6remeyece\u011fi ilan edildi. Ge\u00e7en y\u0131l Yunanistan&#8217;\u0131n ba\u015fkentini 8 [&hellip;]<\/p>\n","protected":false},"author":1,"featured_media":42480,"comment_status":"open","ping_status":"open","sticky":false,"template":"","format":"standard","meta":{"footnotes":""},"categories":[24],"tags":[179],"class_list":["post-42479","post","type-post","status-publish","format-standard","has-post-thumbnail","hentry","category-dunya","tag-aktuel"],"views":5,"_links":{"self":[{"href":"https:\/\/prizrenpost.com\/tr\/wp-json\/wp\/v2\/posts\/42479","targetHints":{"allow":["GET"]}}],"collection":[{"href":"https:\/\/prizrenpost.com\/tr\/wp-json\/wp\/v2\/posts"}],"about":[{"href":"https:\/\/prizrenpost.com\/tr\/wp-json\/wp\/v2\/types\/post"}],"author":[{"embeddable":true,"href":"https:\/\/prizrenpost.com\/tr\/wp-json\/wp\/v2\/users\/1"}],"replies":[{"embeddable":true,"href":"https:\/\/prizrenpost.com\/tr\/wp-json\/wp\/v2\/comments?post=42479"}],"version-history":[{"count":1,"href":"https:\/\/prizrenpost.com\/tr\/wp-json\/wp\/v2\/posts\/42479\/revisions"}],"predecessor-version":[{"id":42481,"href":"https:\/\/prizrenpost.com\/tr\/wp-json\/wp\/v2\/posts\/42479\/revisions\/42481"}],"wp:featuredmedia":[{"embeddable":true,"href":"https:\/\/prizrenpost.com\/tr\/wp-json\/wp\/v2\/media\/42480"}],"wp:attachment":[{"href":"https:\/\/prizrenpost.com\/tr\/wp-json\/wp\/v2\/media?parent=42479"}],"wp:term":[{"taxonomy":"category","embeddable":true,"href":"https:\/\/prizrenpost.com\/tr\/wp-json\/wp\/v2\/categories?post=42479"},{"taxonomy":"post_tag","embeddable":true,"href":"https:\/\/prizrenpost.com\/tr\/wp-json\/wp\/v2\/tags?post=42479"}],"curies":[{"name":"wp","href":"https:\/\/api.w.org\/{rel}","templated":true}]}}