{"id":42488,"date":"2026-04-26T11:50:47","date_gmt":"2026-04-26T09:50:47","guid":{"rendered":"https:\/\/prizrenpost.com\/tr\/beyaz-saraya-yapilan-silahli-saldiriya-rama-tepki-gosterdi-siddetle-kiniyorum-trump-ve-digerlerinin-guvende-olmasi-beni-rahatlatiyor\/"},"modified":"2026-04-26T11:50:48","modified_gmt":"2026-04-26T09:50:48","slug":"beyaz-saraya-yapilan-silahli-saldiriya-rama-tepki-gosterdi-siddetle-kiniyorum-trump-ve-digerlerinin-guvende-olmasi-beni-rahatlatiyor","status":"publish","type":"post","link":"https:\/\/prizrenpost.com\/tr\/beyaz-saraya-yapilan-silahli-saldiriya-rama-tepki-gosterdi-siddetle-kiniyorum-trump-ve-digerlerinin-guvende-olmasi-beni-rahatlatiyor\/","title":{"rendered":"Beyaz Saray&#8217;a yap\u0131lan silahl\u0131 sald\u0131r\u0131ya Rama tepki g\u00f6sterdi: \u015eiddetle k\u0131n\u0131yorum, Trump ve di\u011ferlerinin g\u00fcvende olmas\u0131 beni rahatlat\u0131yor"},"content":{"rendered":"<p><img decoding=\"async\" src=\"https:\/\/prizrenpost.com\/tr\/wp-content\/uploads\/2026\/04\/800-0-73deea1451ccd9d4c1ea43d37738b54f.jpg\" style=\"width:100%;height:auto;margin-bottom:20px\"><\/p>\n<p>Ba\u015fbakan Edi Rama, Washington D.C.&#8217;deki bir ba\u015fkanl\u0131k etkinli\u011fi s\u0131ras\u0131nda silahl\u0131 sald\u0131r\u0131 haberine tepki g\u00f6stererek, olay\u0131 \u015fok edici ve demokratik ya\u015fam\u0131n \u00f6z\u00fcne indirilmi\u015f bir darbe olarak nitelendirdi. Rama, X sosyal a\u011f\u0131nda yapt\u0131\u011f\u0131 bir payla\u015f\u0131mla \u015fiddet eylemini \u015fiddetle k\u0131nad\u0131\u011f\u0131n\u0131 ifade ederken, Donald Trump ve orada bulunan herkesin g\u00fcvende olmas\u0131ndan dolay\u0131 rahatlad\u0131\u011f\u0131n\u0131 vurguluyor.<\/p>\n<p>&#8220;Washington DC&#8217;de bir otelde gazetecilerle yap\u0131lan bir ba\u015fkanl\u0131k etkinli\u011fi s\u0131ras\u0131nda silahl\u0131 bir adam\u0131n silahl\u0131 sald\u0131r\u0131 haberini almak \u015fok edici. B\u00f6yle bir sald\u0131r\u0131 her yerde \u00f6zg\u00fcrl\u00fc\u011f\u00fc ve demokratik ya\u015fam tarz\u0131m\u0131z\u0131 vuruyor. Bunu \u015fiddetle k\u0131n\u0131yorum. Ba\u015fkan ve orada bulunan herkesin g\u00fcvende ve iyi olmas\u0131 beni rahatlatt\u0131&#8221;- yaz\u0131yor Rama &#8220;X&#8221;te.<\/p>\n<p>Tecr\u00fcbeyi geli\u015ftirmek ve reklam g\u00f6r\u00fcnt\u00fclemek (Google AdSense) i\u00e7in \u00e7erezleri kullan\u0131yoruz.<br \/>\n          &#8220;Kabul Et&#8221; se\u00e7ene\u011fine t\u0131klayarak \u00e7erezlerin a\u015fa\u011f\u0131daki \u015fartlara g\u00f6re kullan\u0131lmas\u0131n\u0131 kabul etmi\u015f olursunuz.<br \/>\n          Gizlilik Politikas\u0131<br \/>\n          ve<br \/>\n          \u00c7erez Politikas\u0131.<br \/>\n          &#8220;Reddet&#8221;i t\u0131klayarak gerekli olmayan \u00e7erezleri reddedebilirsiniz.<\/p>\n<hr style=\"margin:30px 0\">\n<p style=\"font-size:13px;color:#666\">Kaynak: <strong>prizrenpost<\/strong><\/p>\n","protected":false},"excerpt":{"rendered":"<p>Ba\u015fbakan Edi Rama, Washington D.C.&#8217;deki bir ba\u015fkanl\u0131k etkinli\u011fi s\u0131ras\u0131nda silahl\u0131 sald\u0131r\u0131 haberine tepki g\u00f6stererek, olay\u0131 \u015fok edici ve demokratik ya\u015fam\u0131n \u00f6z\u00fcne indirilmi\u015f bir darbe olarak nitelendirdi. Rama, X sosyal a\u011f\u0131nda yapt\u0131\u011f\u0131 bir payla\u015f\u0131mla \u015fiddet eylemini \u015fiddetle k\u0131nad\u0131\u011f\u0131n\u0131 ifade ederken, Donald Trump ve orada bulunan herkesin g\u00fcvende olmas\u0131ndan dolay\u0131 rahatlad\u0131\u011f\u0131n\u0131 vurguluyor. &#8220;Washington DC&#8217;de bir otelde gazetecilerle [&hellip;]<\/p>\n","protected":false},"author":1,"featured_media":42489,"comment_status":"open","ping_status":"open","sticky":false,"template":"","format":"standard","meta":{"footnotes":""},"categories":[24],"tags":[179],"class_list":["post-42488","post","type-post","status-publish","format-standard","has-post-thumbnail","hentry","category-dunya","tag-aktuel"],"views":4,"_links":{"self":[{"href":"https:\/\/prizrenpost.com\/tr\/wp-json\/wp\/v2\/posts\/42488","targetHints":{"allow":["GET"]}}],"collection":[{"href":"https:\/\/prizrenpost.com\/tr\/wp-json\/wp\/v2\/posts"}],"about":[{"href":"https:\/\/prizrenpost.com\/tr\/wp-json\/wp\/v2\/types\/post"}],"author":[{"embeddable":true,"href":"https:\/\/prizrenpost.com\/tr\/wp-json\/wp\/v2\/users\/1"}],"replies":[{"embeddable":true,"href":"https:\/\/prizrenpost.com\/tr\/wp-json\/wp\/v2\/comments?post=42488"}],"version-history":[{"count":1,"href":"https:\/\/prizrenpost.com\/tr\/wp-json\/wp\/v2\/posts\/42488\/revisions"}],"predecessor-version":[{"id":42490,"href":"https:\/\/prizrenpost.com\/tr\/wp-json\/wp\/v2\/posts\/42488\/revisions\/42490"}],"wp:featuredmedia":[{"embeddable":true,"href":"https:\/\/prizrenpost.com\/tr\/wp-json\/wp\/v2\/media\/42489"}],"wp:attachment":[{"href":"https:\/\/prizrenpost.com\/tr\/wp-json\/wp\/v2\/media?parent=42488"}],"wp:term":[{"taxonomy":"category","embeddable":true,"href":"https:\/\/prizrenpost.com\/tr\/wp-json\/wp\/v2\/categories?post=42488"},{"taxonomy":"post_tag","embeddable":true,"href":"https:\/\/prizrenpost.com\/tr\/wp-json\/wp\/v2\/tags?post=42488"}],"curies":[{"name":"wp","href":"https:\/\/api.w.org\/{rel}","templated":true}]}}