{"id":42521,"date":"2026-04-26T12:30:27","date_gmt":"2026-04-26T10:30:27","guid":{"rendered":"https:\/\/prizrenpost.com\/tr\/orban-secimi-kaybettikten-sonra-parlamentodaki-gorevinden-vazgecti-fidesz-tamamen-degisecek\/"},"modified":"2026-04-26T12:30:31","modified_gmt":"2026-04-26T10:30:31","slug":"orban-secimi-kaybettikten-sonra-parlamentodaki-gorevinden-vazgecti-fidesz-tamamen-degisecek","status":"publish","type":"post","link":"https:\/\/prizrenpost.com\/tr\/orban-secimi-kaybettikten-sonra-parlamentodaki-gorevinden-vazgecti-fidesz-tamamen-degisecek\/","title":{"rendered":"Orban, se\u00e7imi kaybettikten sonra parlamentodaki g\u00f6revinden vazge\u00e7ti: Fidesz tamamen de\u011fi\u015fecek"},"content":{"rendered":"<p><img decoding=\"async\" src=\"https:\/\/prizrenpost.com\/tr\/wp-content\/uploads\/2026\/04\/Viktor-Orban.jpg\" style=\"width:100%;height:auto;margin-bottom:20px\"><\/p>\n<p>Giden Macaristan Ba\u015fbakan\u0131 Viktor Orban, se\u00e7imi kaybettikten sonra yeni parlamentodaki koltu\u011funa oturmayaca\u011f\u0131n\u0131 s\u00f6yleyerek, \u00fclkenin &#8220;yurtsever hareketini&#8221; yeniden d\u00fczenlemeye odaklanaca\u011f\u0131n\u0131 duyurdu. Orban Cumartesi g\u00fcn\u00fc yapt\u0131\u011f\u0131 bir video a\u00e7\u0131klamas\u0131nda, Fidesz-KDNP listesinin ba\u015fkan\u0131 olarak kazand\u0131\u011f\u0131 parlamento vekilli\u011finin &#8220;asl\u0131nda Fidesz&#8217;in parlamento vekilli\u011fi oldu\u011funu&#8221; ve bu nedenle &#8220;bunu geri \u00e7evirmeye&#8221; karar verdi\u011fini s\u00f6yledi.<\/p>\n<p>&#8220;Art\u0131k parlamentoya de\u011fil, yurtsever hareketin yeniden d\u00fczenlenmesine ihtiyac\u0131m var&#8221; dedi.<\/p>\n<p>Bu hareket, Orban&#8217;\u0131n uzun s\u00fcredir iktidarda olan Fidesz partisinin Peter taraf\u0131ndan ezilmesinden iki haftadan k\u0131sa bir s\u00fcre sonra geldi. Macaristan&#8217;da 12 Nisan parlamento se\u00e7imlerinde 199 sandalyenin 141&#8217;ini kazanan Magyar&#8217;\u0131n Tisza partisi.<\/p>\n<p>Orban, Fidesz parlamento grubunun &#8220;k\u00f6kten d\u00f6n\u00fc\u015fece\u011fini&#8221; ve Pazartesi g\u00fcn\u00fc kuruldu\u011funda yeni gruba Gergely Gulyas&#8217;\u0131n liderlik edece\u011fini s\u00f6yledi. Kendisi ayr\u0131ca partinin \u00f6n\u00fcm\u00fczdeki hafta ulusal meclis toplayaca\u011f\u0131n\u0131 ve &#8220;yenileme kongresini&#8221; Haziran ay\u0131nda d\u00fczenleyece\u011fini s\u00f6yledi. Orban, parlamentodan ayr\u0131lmas\u0131na ra\u011fmen partinin ba\u015f\u0131nda kalmay\u0131 planlad\u0131\u011f\u0131n\u0131 a\u00e7\u0131k\u00e7a belirtti ve liderli\u011fin Fidesz ba\u015fkan\u0131 olarak devam etmesini \u00f6nerdi\u011fini ve kongrenin kendisine olan g\u00fcvenini tazelemesi halinde bunu yapmaya haz\u0131r oldu\u011funu s\u00f6yledi.<\/p>\n<p>Orban geri \u00e7ekilmek yerine meydan okuyan bir ton kullanarak destek\u00e7ilerine &#8220;bu kamp\u0131n Macaristan&#8217;\u0131n en birle\u015fik ve uyumlu siyasi toplulu\u011fu olarak kald\u0131\u011f\u0131n\u0131&#8221; s\u00f6yledi.<\/p>\n<p>Se\u00e7im kayb\u0131, Orb\u00e1n&#8217;\u0131n kariyerindeki en b\u00fcy\u00fck \u00e7alkant\u0131 oldu ve yeniden \u015fekillenmesi bekleniyor. Macaristan&#8217;\u0131n AB ve ABD&#8217;nin yan\u0131 s\u0131ra Rusya ve Ukrayna ile ili\u015fkileri.<\/p>\n<p>Deneyimi geli\u015ftirmek ve reklamlar\u0131 g\u00f6r\u00fcnt\u00fclemek i\u00e7in \u00e7erezler kullan\u0131yoruz (Google AdSense).<br \/>\n          &#8220;Kabul Et&#8221; se\u00e7ene\u011fine t\u0131klayarak \u00e7erezlerin a\u015fa\u011f\u0131daki \u015fartlara g\u00f6re kullan\u0131lmas\u0131n\u0131 kabul etmi\u015f olursunuz.<br \/>\n          Gizlilik Politikas\u0131<br \/>\n          ve<br \/>\n          \u00c7erez Politikas\u0131.<br \/>\n          &#8220;Reddet&#8221;i t\u0131klayarak gerekli olmayan \u00e7erezleri reddedebilirsiniz.<\/p>\n<hr style=\"margin:30px 0\">\n<p style=\"font-size:13px;color:#666\">Kaynak: <strong>prizrenpost<\/strong><\/p>\n","protected":false},"excerpt":{"rendered":"<p>Giden Macaristan Ba\u015fbakan\u0131 Viktor Orban, se\u00e7imi kaybettikten sonra yeni parlamentodaki koltu\u011funa oturmayaca\u011f\u0131n\u0131 s\u00f6yleyerek, \u00fclkenin &#8220;yurtsever hareketini&#8221; yeniden d\u00fczenlemeye odaklanaca\u011f\u0131n\u0131 duyurdu. Orban Cumartesi g\u00fcn\u00fc yapt\u0131\u011f\u0131 bir video a\u00e7\u0131klamas\u0131nda, Fidesz-KDNP listesinin ba\u015fkan\u0131 olarak kazand\u0131\u011f\u0131 parlamento vekilli\u011finin &#8220;asl\u0131nda Fidesz&#8217;in parlamento vekilli\u011fi oldu\u011funu&#8221; ve bu nedenle &#8220;bunu geri \u00e7evirmeye&#8221; karar verdi\u011fini s\u00f6yledi. &#8220;Art\u0131k parlamentoya de\u011fil, yurtsever hareketin yeniden d\u00fczenlenmesine [&hellip;]<\/p>\n","protected":false},"author":1,"featured_media":42522,"comment_status":"open","ping_status":"open","sticky":false,"template":"","format":"standard","meta":{"footnotes":""},"categories":[24],"tags":[179],"class_list":["post-42521","post","type-post","status-publish","format-standard","has-post-thumbnail","hentry","category-dunya","tag-aktuel"],"views":11,"_links":{"self":[{"href":"https:\/\/prizrenpost.com\/tr\/wp-json\/wp\/v2\/posts\/42521","targetHints":{"allow":["GET"]}}],"collection":[{"href":"https:\/\/prizrenpost.com\/tr\/wp-json\/wp\/v2\/posts"}],"about":[{"href":"https:\/\/prizrenpost.com\/tr\/wp-json\/wp\/v2\/types\/post"}],"author":[{"embeddable":true,"href":"https:\/\/prizrenpost.com\/tr\/wp-json\/wp\/v2\/users\/1"}],"replies":[{"embeddable":true,"href":"https:\/\/prizrenpost.com\/tr\/wp-json\/wp\/v2\/comments?post=42521"}],"version-history":[{"count":1,"href":"https:\/\/prizrenpost.com\/tr\/wp-json\/wp\/v2\/posts\/42521\/revisions"}],"predecessor-version":[{"id":42523,"href":"https:\/\/prizrenpost.com\/tr\/wp-json\/wp\/v2\/posts\/42521\/revisions\/42523"}],"wp:featuredmedia":[{"embeddable":true,"href":"https:\/\/prizrenpost.com\/tr\/wp-json\/wp\/v2\/media\/42522"}],"wp:attachment":[{"href":"https:\/\/prizrenpost.com\/tr\/wp-json\/wp\/v2\/media?parent=42521"}],"wp:term":[{"taxonomy":"category","embeddable":true,"href":"https:\/\/prizrenpost.com\/tr\/wp-json\/wp\/v2\/categories?post=42521"},{"taxonomy":"post_tag","embeddable":true,"href":"https:\/\/prizrenpost.com\/tr\/wp-json\/wp\/v2\/tags?post=42521"}],"curies":[{"name":"wp","href":"https:\/\/api.w.org\/{rel}","templated":true}]}}