{"id":42524,"date":"2026-04-26T12:30:41","date_gmt":"2026-04-26T10:30:41","guid":{"rendered":"https:\/\/prizrenpost.com\/tr\/chelseanin-teknik-direktoru-olarak-geri-donecek-mi-lampard-cevabini-veriyor\/"},"modified":"2026-04-26T12:30:42","modified_gmt":"2026-04-26T10:30:42","slug":"chelseanin-teknik-direktoru-olarak-geri-donecek-mi-lampard-cevabini-veriyor","status":"publish","type":"post","link":"https:\/\/prizrenpost.com\/tr\/chelseanin-teknik-direktoru-olarak-geri-donecek-mi-lampard-cevabini-veriyor\/","title":{"rendered":"Chelsea&#8217;nin teknik direkt\u00f6r\u00fc olarak geri d\u00f6necek mi? Lampard cevab\u0131n\u0131 veriyor"},"content":{"rendered":"<p><img decoding=\"async\" src=\"https:\/\/prizrenpost.com\/tr\/wp-content\/uploads\/2026\/04\/frank-lampard.jpg\" style=\"width:100%;height:auto;margin-bottom:20px\"><\/p>\n<p>Frank Lampard, Chelsea FC&#8217;nin teknik direkt\u00f6r\u00fc olarak olas\u0131 bir geri d\u00f6n\u00fc\u015f hakk\u0131ndaki spek\u00fclasyonlara yan\u0131t verdi ve \u015fu anki oda\u011f\u0131n\u0131n Coventry City ile \u00e7al\u0131\u015fmaya devam etti\u011fini vurgulad\u0131.<\/p>\n<p>Efsanevi eski Chelsea orta saha oyuncusu, Coventry&#8217;yi 25 y\u0131ll\u0131k bir aradan sonra Premier Lig&#8217;e d\u00f6nd\u00fcrmeyi ba\u015fararak \u015fu anda antren\u00f6rl\u00fck kariyerinde \u00e7ok ba\u015far\u0131l\u0131 bir d\u00f6nem ge\u00e7iriyor.<\/p>\n<p>Lampard, y\u00f6netim felsefesini net bir \u015fekilde ortaya koydu ve bu meslekteki pek \u00e7ok \u015feyin menajerin i\u015fi olmad\u0131\u011f\u0131n\u0131 vurgulad\u0131. kontrol.<\/p>\n<p>&#8220;Y\u00f6netim d\u00fcnyas\u0131nda kontrolden \u00e7\u0131kan pek \u00e7ok \u015fey var. Sadece kendi i\u015fini kontrol ediyorsun&#8221; dedi.<\/p>\n<p>Ancak, Chelsea ile olan g\u00fc\u00e7l\u00fc duygusal ba\u011f\u0131na ra\u011fmen Lampard, \u015fu anda Coventry&#8217;deki projesine tamamen ba\u011fl\u0131 oldu\u011fu konusunda \u0131srar etti.<\/p>\n<p>&#8220;Burada yapt\u0131\u011f\u0131m i\u015ften keyif al\u0131yorum. Chelsea hayat\u0131m\u0131n b\u00fcy\u00fck bir par\u00e7as\u0131 ama \u015fu anda bu onlar\u0131n i\u015fi ve benim i\u015fim de burada&#8221; dedi. <\/p>\n<p>Coventry&#8217;ye ula\u015fmak, bir antren\u00f6r olarak en b\u00fcy\u00fck ba\u015far\u0131lar\u0131ndan biri olarak kabul ediliyor ve Lampard, Premier Lig&#8217;e y\u00fckselmeyi kariyerinin en \u00f6nemli anlar\u0131ndan biri olarak tan\u0131mlad\u0131.<\/p>\n<p>Tecr\u00fcbeyi geli\u015ftirmek ve reklamlar\u0131 g\u00f6r\u00fcnt\u00fclemek i\u00e7in \u00e7erezleri kullan\u0131yoruz (Google AdSense).<br \/>\n          &#8220;Kabul Et&#8221; se\u00e7ene\u011fine t\u0131klayarak \u00e7erezlerin a\u015fa\u011f\u0131daki \u015fartlara g\u00f6re kullan\u0131lmas\u0131n\u0131 kabul etmi\u015f olursunuz.<br \/>\n          Gizlilik Politikas\u0131<br \/>\n          ve<br \/>\n          \u00c7erez Politikas\u0131.<br \/>\n          &#8220;Reddet&#8221;i t\u0131klayarak gerekli olmayan \u00e7erezleri reddedebilirsiniz.<\/p>\n<hr style=\"margin:30px 0\">\n<p style=\"font-size:13px;color:#666\">Kaynak: <strong>prizrenpost<\/strong><\/p>\n","protected":false},"excerpt":{"rendered":"<p>Frank Lampard, Chelsea FC&#8217;nin teknik direkt\u00f6r\u00fc olarak olas\u0131 bir geri d\u00f6n\u00fc\u015f hakk\u0131ndaki spek\u00fclasyonlara yan\u0131t verdi ve \u015fu anki oda\u011f\u0131n\u0131n Coventry City ile \u00e7al\u0131\u015fmaya devam etti\u011fini vurgulad\u0131. Efsanevi eski Chelsea orta saha oyuncusu, Coventry&#8217;yi 25 y\u0131ll\u0131k bir aradan sonra Premier Lig&#8217;e d\u00f6nd\u00fcrmeyi ba\u015fararak \u015fu anda antren\u00f6rl\u00fck kariyerinde \u00e7ok ba\u015far\u0131l\u0131 bir d\u00f6nem ge\u00e7iriyor. Lampard, y\u00f6netim felsefesini net [&hellip;]<\/p>\n","protected":false},"author":1,"featured_media":42525,"comment_status":"open","ping_status":"open","sticky":false,"template":"","format":"standard","meta":{"footnotes":""},"categories":[7],"tags":[],"class_list":["post-42524","post","type-post","status-publish","format-standard","has-post-thumbnail","hentry","category-spor"],"views":4,"_links":{"self":[{"href":"https:\/\/prizrenpost.com\/tr\/wp-json\/wp\/v2\/posts\/42524","targetHints":{"allow":["GET"]}}],"collection":[{"href":"https:\/\/prizrenpost.com\/tr\/wp-json\/wp\/v2\/posts"}],"about":[{"href":"https:\/\/prizrenpost.com\/tr\/wp-json\/wp\/v2\/types\/post"}],"author":[{"embeddable":true,"href":"https:\/\/prizrenpost.com\/tr\/wp-json\/wp\/v2\/users\/1"}],"replies":[{"embeddable":true,"href":"https:\/\/prizrenpost.com\/tr\/wp-json\/wp\/v2\/comments?post=42524"}],"version-history":[{"count":1,"href":"https:\/\/prizrenpost.com\/tr\/wp-json\/wp\/v2\/posts\/42524\/revisions"}],"predecessor-version":[{"id":42526,"href":"https:\/\/prizrenpost.com\/tr\/wp-json\/wp\/v2\/posts\/42524\/revisions\/42526"}],"wp:featuredmedia":[{"embeddable":true,"href":"https:\/\/prizrenpost.com\/tr\/wp-json\/wp\/v2\/media\/42525"}],"wp:attachment":[{"href":"https:\/\/prizrenpost.com\/tr\/wp-json\/wp\/v2\/media?parent=42524"}],"wp:term":[{"taxonomy":"category","embeddable":true,"href":"https:\/\/prizrenpost.com\/tr\/wp-json\/wp\/v2\/categories?post=42524"},{"taxonomy":"post_tag","embeddable":true,"href":"https:\/\/prizrenpost.com\/tr\/wp-json\/wp\/v2\/tags?post=42524"}],"curies":[{"name":"wp","href":"https:\/\/api.w.org\/{rel}","templated":true}]}}