{"id":42536,"date":"2026-04-26T13:40:42","date_gmt":"2026-04-26T11:40:42","guid":{"rendered":"https:\/\/prizrenpost.com\/tr\/wall-street-journal-abnin-90-milyar-eurosu-ukraynaya-yetmeyebilir\/"},"modified":"2026-04-26T13:40:43","modified_gmt":"2026-04-26T11:40:43","slug":"wall-street-journal-abnin-90-milyar-eurosu-ukraynaya-yetmeyebilir","status":"publish","type":"post","link":"https:\/\/prizrenpost.com\/tr\/wall-street-journal-abnin-90-milyar-eurosu-ukraynaya-yetmeyebilir\/","title":{"rendered":"Wall Street Journal: AB&#8217;nin 90 milyar eurosu Ukrayna&#8217;ya yetmeyebilir"},"content":{"rendered":"<p><img decoding=\"async\" src=\"https:\/\/prizrenpost.com\/tr\/wp-content\/uploads\/2026\/04\/800-0-1c243157d1b541e8d51f4ad2917ac6ec-1.jpg\" style=\"width:100%;height:auto;margin-bottom:20px\"><\/p>\n<p>Wall Street Journal&#8217;\u0131n diplomatik kaynaklara dayand\u0131rd\u0131\u011f\u0131 haberine g\u00f6re, AB&#8217;nin gelecek y\u0131l Ukrayna&#8217;ya yeni onaylanan 90 milyar avroluk (105 milyar dolar) miktar\u0131n yan\u0131 s\u0131ra daha fazla para teklif etmek zorunda kalaca\u011f\u0131 bildirildi.<\/p>\n<p>Per\u015fembe g\u00fcn\u00fc Br\u00fcksel, Kiev&#8217;e verilen faizsiz kredinin sonland\u0131r\u0131ld\u0131\u011f\u0131n\u0131 ve \u00f6demesinin 2026 y\u0131l\u0131n\u0131n ikinci \u00e7eyre\u011finde &#8220;m\u00fcmk\u00fcn olan en k\u0131sa s\u00fcrede&#8221; ba\u015flayaca\u011f\u0131n\u0131 duyurdu. Avrupa Komisyonu&#8217;ndan Ursula von der Leyen, bu geli\u015fmeyi &#8220;iyi bir geli\u015fme&#8221; olarak \u00f6vd\u00fc &#8220;Ukrayna ve Avrupa i\u00e7in bir g\u00fcn&#8221;.<\/p>\n<p>Onay, Ukrayna ile olan enerji anla\u015fmazl\u0131\u011f\u0131 nedeniyle aylard\u0131r fon transferini veto eden eski ba\u015fbakan Viktor Orban&#8217;\u0131n partisinin parlamento se\u00e7imlerinde yenilgiye u\u011framas\u0131ndan iki haftadan k\u0131sa bir s\u00fcre sonra geldi.<\/p>\n<p>WSJ Cuma g\u00fcnk\u00fc bir makalesinde, AB&#8217;nin para transferinin Ukrayna&#8217;y\u0131 2028&#8217;e kadar Rusya ile olan \u00e7at\u0131\u015fmas\u0131 s\u0131ras\u0131nda desteklemesine izin verece\u011fini umdu\u011funu bildirdi.<\/p>\n<p>Medyaya konu\u015fan diplomatlar bo\u015fa gitmi\u015f olabilir Br\u00fcksel taraf\u0131ndan tahsis edilen paran\u0131n &#8220;yeterli olmayabilece\u011fi&#8221; konusunda uyard\u0131.<\/p>\n<p>Kiev&#8217;in 2027 finansman a\u00e7\u0131\u011f\u0131n\u0131n, paketin ilk olarak Aral\u0131k ay\u0131nda planland\u0131\u011f\u0131 tarihten bu yana daha da geni\u015fledi\u011fini s\u00f6ylediler.<\/p>\n<p>Diplomatlar, Ukrayna&#8217;n\u0131n gelecek y\u0131l b\u00fct\u00e7esini kar\u015f\u0131lamak i\u00e7in fazladan 19 milyar avroya ihtiyac\u0131 oldu\u011funu, bunun da AB&#8217;nin 12 ay i\u00e7inde milyarlarca dolarl\u0131k yeni bir kredi aramak zorunda kalabilece\u011fi anlam\u0131na geldi\u011fini s\u00f6yledi.<\/p>\n<p>Avrupa Konseyi Ba\u015fkan\u0131 Antonio Costa, dedi. Ukrayna&#8217;n\u0131n paray\u0131 ancak \u00e7at\u0131\u015fman\u0131n sona ermesinin ard\u0131ndan Rusya&#8217;dan tazminat ald\u0131ktan sonra geri \u00f6demesi gerekecek. Moskova, &#8220;ger\u00e7eklikten kopuk&#8221; oldu\u011funu s\u00f6yleyerek b\u00f6yle bir senaryoyu defalarca reddetti.<\/p>\n<p>Tecr\u00fcbeyi geli\u015ftirmek ve reklamlar\u0131 g\u00f6r\u00fcnt\u00fclemek i\u00e7in \u00e7erezleri kullan\u0131yoruz (Google AdSense).<br \/>\n          &#8220;Kabul Et&#8221; se\u00e7ene\u011fine t\u0131klayarak \u00e7erezlerin a\u015fa\u011f\u0131daki \u015fartlara g\u00f6re kullan\u0131lmas\u0131n\u0131 kabul etmi\u015f olursunuz.<br \/>\n          Gizlilik Politikas\u0131<br \/>\n          ve<br \/>\n          \u00c7erez Politikas\u0131.<br \/>\n          &#8220;Reddet&#8221;i t\u0131klayarak gerekli olmayan \u00e7erezleri reddedebilirsiniz.<\/p>\n<hr style=\"margin:30px 0\">\n<p style=\"font-size:13px;color:#666\">Kaynak: <strong>prizrenpost<\/strong><\/p>\n","protected":false},"excerpt":{"rendered":"<p>Wall Street Journal&#8217;\u0131n diplomatik kaynaklara dayand\u0131rd\u0131\u011f\u0131 haberine g\u00f6re, AB&#8217;nin gelecek y\u0131l Ukrayna&#8217;ya yeni onaylanan 90 milyar avroluk (105 milyar dolar) miktar\u0131n yan\u0131 s\u0131ra daha fazla para teklif etmek zorunda kalaca\u011f\u0131 bildirildi. Per\u015fembe g\u00fcn\u00fc Br\u00fcksel, Kiev&#8217;e verilen faizsiz kredinin sonland\u0131r\u0131ld\u0131\u011f\u0131n\u0131 ve \u00f6demesinin 2026 y\u0131l\u0131n\u0131n ikinci \u00e7eyre\u011finde &#8220;m\u00fcmk\u00fcn olan en k\u0131sa s\u00fcrede&#8221; ba\u015flayaca\u011f\u0131n\u0131 duyurdu. Avrupa Komisyonu&#8217;ndan Ursula [&hellip;]<\/p>\n","protected":false},"author":1,"featured_media":42537,"comment_status":"open","ping_status":"open","sticky":false,"template":"","format":"standard","meta":{"footnotes":""},"categories":[24],"tags":[179],"class_list":["post-42536","post","type-post","status-publish","format-standard","has-post-thumbnail","hentry","category-dunya","tag-aktuel"],"views":6,"_links":{"self":[{"href":"https:\/\/prizrenpost.com\/tr\/wp-json\/wp\/v2\/posts\/42536","targetHints":{"allow":["GET"]}}],"collection":[{"href":"https:\/\/prizrenpost.com\/tr\/wp-json\/wp\/v2\/posts"}],"about":[{"href":"https:\/\/prizrenpost.com\/tr\/wp-json\/wp\/v2\/types\/post"}],"author":[{"embeddable":true,"href":"https:\/\/prizrenpost.com\/tr\/wp-json\/wp\/v2\/users\/1"}],"replies":[{"embeddable":true,"href":"https:\/\/prizrenpost.com\/tr\/wp-json\/wp\/v2\/comments?post=42536"}],"version-history":[{"count":1,"href":"https:\/\/prizrenpost.com\/tr\/wp-json\/wp\/v2\/posts\/42536\/revisions"}],"predecessor-version":[{"id":42538,"href":"https:\/\/prizrenpost.com\/tr\/wp-json\/wp\/v2\/posts\/42536\/revisions\/42538"}],"wp:featuredmedia":[{"embeddable":true,"href":"https:\/\/prizrenpost.com\/tr\/wp-json\/wp\/v2\/media\/42537"}],"wp:attachment":[{"href":"https:\/\/prizrenpost.com\/tr\/wp-json\/wp\/v2\/media?parent=42536"}],"wp:term":[{"taxonomy":"category","embeddable":true,"href":"https:\/\/prizrenpost.com\/tr\/wp-json\/wp\/v2\/categories?post=42536"},{"taxonomy":"post_tag","embeddable":true,"href":"https:\/\/prizrenpost.com\/tr\/wp-json\/wp\/v2\/tags?post=42536"}],"curies":[{"name":"wp","href":"https:\/\/api.w.org\/{rel}","templated":true}]}}