{"id":42542,"date":"2026-04-26T14:16:15","date_gmt":"2026-04-26T12:16:15","guid":{"rendered":"https:\/\/prizrenpost.com\/tr\/iran-cumhurbaskani-tahran-baski-veya-abluka-altinda-muzakerelere-girmeyecek\/"},"modified":"2026-04-26T14:16:16","modified_gmt":"2026-04-26T12:16:16","slug":"iran-cumhurbaskani-tahran-baski-veya-abluka-altinda-muzakerelere-girmeyecek","status":"publish","type":"post","link":"https:\/\/prizrenpost.com\/tr\/iran-cumhurbaskani-tahran-baski-veya-abluka-altinda-muzakerelere-girmeyecek\/","title":{"rendered":"\u0130ran Cumhurba\u015fkan\u0131: Tahran bask\u0131 veya abluka alt\u0131nda m\u00fczakerelere girmeyecek"},"content":{"rendered":"<p><img decoding=\"async\" src=\"https:\/\/prizrenpost.com\/tr\/wp-content\/uploads\/2026\/04\/Masoud-Pezeshkian.jpg\" style=\"width:100%;height:auto;margin-bottom:20px\"><\/p>\n<p>\u0130ran Cumhurba\u015fkan\u0131 Masoud Pezeshkian, Tahran&#8217;\u0131n bask\u0131, tehdit veya abluka alt\u0131nda m\u00fczakerelere girmeyece\u011fini belirterek, g\u00fcvenin yeniden in\u015fas\u0131 i\u00e7in d\u00fc\u015fmanca \u00f6nlemlerin durdurulmas\u0131 gerekti\u011fini ve bunlar\u0131n tekrarlanmayaca\u011f\u0131na dair garanti verilmesi gerekti\u011fini vurgulad\u0131.<\/p>\n<p>\u0130ran Cumhurba\u015fkanl\u0131\u011f\u0131&#8217;n\u0131n aktard\u0131\u011f\u0131na g\u00f6re, Pakistan Ba\u015fbakan\u0131 \u015eehbaz \u015eerif ile yapt\u0131\u011f\u0131 telefon g\u00f6r\u00fc\u015fmesinde Cumhurba\u015fkan\u0131 Pezeshkian, ortak bir tabana ula\u015fman\u0131n ve \u0130ran i\u00e7in uygun bir ortam yaratman\u0131n \u00f6nemli oldu\u011funu s\u00f6yledi. ilerleme i\u00e7in etkili diyalogun \u015fart oldu\u011funu s\u00f6yledi.<\/p>\n<p>Daha \u00f6nceki m\u00fczakerelerin yaln\u0131zca \u0130ran&#8217;da kamuoyundaki g\u00fcvensizli\u011fi derinle\u015ftirdi\u011fini, yapt\u0131r\u0131mlar, bask\u0131 ve abluka paralelinde diyalog tart\u0131\u015fmalar\u0131n\u0131n taraflar aras\u0131ndaki g\u00fcveni zedeledi\u011fini s\u00f6yledi.<\/p>\n<p>Pezeshkian, d\u00fc\u015fmanca politikalar\u0131n durdurulmas\u0131 ve bunlar\u0131n tekrarlanmamas\u0131n\u0131 sa\u011flaman\u0131n anla\u015fmazl\u0131klar\u0131n \u00e7\u00f6z\u00fcm\u00fc i\u00e7in gerekli ko\u015fullar oldu\u011funu vurgulad\u0131.<\/p>\n<p>Ayr\u0131ca artan askeri varl\u0131\u011f\u0131n durumu daha da karma\u015f\u0131k hale getirdi\u011fini ve diyalog i\u00e7in gerekli ortam\u0131 baltalad\u0131\u011f\u0131n\u0131 s\u00f6yledi.<\/p>\n<p> A\u00e7\u0131klamalar, Pakistan&#8217;\u0131n b\u00f6lgede haftalarca s\u00fcren gerilimin ard\u0131ndan \u0130ran ile ABD aras\u0131nda durmu\u015f olan m\u00fczakereleri yeniden canland\u0131rma \u00e7abalar\u0131n\u0131 s\u00fcrd\u00fcrmesi \u00fczerine geldi.<\/p>\n<p>G\u00f6r\u00fc\u015fmelerin ilk turu iki hafta \u00f6nce \u0130slamabad&#8217;da yap\u0131ld\u0131 ancak 28 \u015eubat&#8217;ta ba\u015flayan ve o zamandan beri Orta Do\u011fu&#8217;ya yay\u0131lan sava\u015f\u0131 sona erdirecek bir anla\u015fma sa\u011flanamad\u0131.<\/p>\n<p>G\u00f6r\u00fc\u015fmeler, Pakistan&#8217;\u0131n 8 Nisan&#8217;da arabuluculu\u011fu yapt\u0131\u011f\u0131 ve daha sonra ABD Ba\u015fkan\u0131 Donald Trump taraf\u0131ndan uzat\u0131lan iki haftal\u0131k ate\u015fkesin ard\u0131ndan geldi.<\/p>\n<p>Tecr\u00fcbeyi geli\u015ftirmek ve g\u00f6r\u00fcnt\u00fclemeyi geli\u015ftirmek i\u00e7in \u00e7erezleri kullan\u0131yoruz. reklamlar (Google AdSense).<br \/>\n          &#8220;Kabul Et&#8221; se\u00e7ene\u011fine t\u0131klayarak \u00e7erezlerin a\u015fa\u011f\u0131daki \u015fartlara g\u00f6re kullan\u0131lmas\u0131n\u0131 kabul etmi\u015f olursunuz.<br \/>\n          Gizlilik Politikas\u0131<br \/>\n          ve<br \/>\n          \u00c7erez Politikas\u0131.<br \/>\n          &#8220;Reddet&#8221;i t\u0131klayarak gerekli olmayan \u00e7erezleri reddedebilirsiniz.<\/p>\n<hr style=\"margin:30px 0\">\n<p style=\"font-size:13px;color:#666\">Kaynak: <strong>prizrenpost<\/strong><\/p>\n","protected":false},"excerpt":{"rendered":"<p>\u0130ran Cumhurba\u015fkan\u0131 Masoud Pezeshkian, Tahran&#8217;\u0131n bask\u0131, tehdit veya abluka alt\u0131nda m\u00fczakerelere girmeyece\u011fini belirterek, g\u00fcvenin yeniden in\u015fas\u0131 i\u00e7in d\u00fc\u015fmanca \u00f6nlemlerin durdurulmas\u0131 gerekti\u011fini ve bunlar\u0131n tekrarlanmayaca\u011f\u0131na dair garanti verilmesi gerekti\u011fini vurgulad\u0131. \u0130ran Cumhurba\u015fkanl\u0131\u011f\u0131&#8217;n\u0131n aktard\u0131\u011f\u0131na g\u00f6re, Pakistan Ba\u015fbakan\u0131 \u015eehbaz \u015eerif ile yapt\u0131\u011f\u0131 telefon g\u00f6r\u00fc\u015fmesinde Cumhurba\u015fkan\u0131 Pezeshkian, ortak bir tabana ula\u015fman\u0131n ve \u0130ran i\u00e7in uygun bir ortam yaratman\u0131n \u00f6nemli [&hellip;]<\/p>\n","protected":false},"author":1,"featured_media":42543,"comment_status":"open","ping_status":"open","sticky":false,"template":"","format":"standard","meta":{"footnotes":""},"categories":[24],"tags":[179],"class_list":["post-42542","post","type-post","status-publish","format-standard","has-post-thumbnail","hentry","category-dunya","tag-aktuel"],"views":5,"_links":{"self":[{"href":"https:\/\/prizrenpost.com\/tr\/wp-json\/wp\/v2\/posts\/42542","targetHints":{"allow":["GET"]}}],"collection":[{"href":"https:\/\/prizrenpost.com\/tr\/wp-json\/wp\/v2\/posts"}],"about":[{"href":"https:\/\/prizrenpost.com\/tr\/wp-json\/wp\/v2\/types\/post"}],"author":[{"embeddable":true,"href":"https:\/\/prizrenpost.com\/tr\/wp-json\/wp\/v2\/users\/1"}],"replies":[{"embeddable":true,"href":"https:\/\/prizrenpost.com\/tr\/wp-json\/wp\/v2\/comments?post=42542"}],"version-history":[{"count":1,"href":"https:\/\/prizrenpost.com\/tr\/wp-json\/wp\/v2\/posts\/42542\/revisions"}],"predecessor-version":[{"id":42544,"href":"https:\/\/prizrenpost.com\/tr\/wp-json\/wp\/v2\/posts\/42542\/revisions\/42544"}],"wp:featuredmedia":[{"embeddable":true,"href":"https:\/\/prizrenpost.com\/tr\/wp-json\/wp\/v2\/media\/42543"}],"wp:attachment":[{"href":"https:\/\/prizrenpost.com\/tr\/wp-json\/wp\/v2\/media?parent=42542"}],"wp:term":[{"taxonomy":"category","embeddable":true,"href":"https:\/\/prizrenpost.com\/tr\/wp-json\/wp\/v2\/categories?post=42542"},{"taxonomy":"post_tag","embeddable":true,"href":"https:\/\/prizrenpost.com\/tr\/wp-json\/wp\/v2\/tags?post=42542"}],"curies":[{"name":"wp","href":"https:\/\/api.w.org\/{rel}","templated":true}]}}