{"id":42545,"date":"2026-04-26T14:35:42","date_gmt":"2026-04-26T12:35:42","guid":{"rendered":"https:\/\/prizrenpost.com\/tr\/turkiye-cumhurbaskani-beyaz-saray-muhabirlerinin-yemeginde-yasanan-silahli-saldiri-olayini-kinadi\/"},"modified":"2026-04-26T14:35:43","modified_gmt":"2026-04-26T12:35:43","slug":"turkiye-cumhurbaskani-beyaz-saray-muhabirlerinin-yemeginde-yasanan-silahli-saldiri-olayini-kinadi","status":"publish","type":"post","link":"https:\/\/prizrenpost.com\/tr\/turkiye-cumhurbaskani-beyaz-saray-muhabirlerinin-yemeginde-yasanan-silahli-saldiri-olayini-kinadi\/","title":{"rendered":"T\u00fcrkiye cumhurba\u015fkan\u0131, Beyaz Saray muhabirlerinin yeme\u011finde ya\u015fanan silahl\u0131 sald\u0131r\u0131 olay\u0131n\u0131 k\u0131nad\u0131"},"content":{"rendered":"<p><img decoding=\"async\" src=\"https:\/\/prizrenpost.com\/tr\/wp-content\/uploads\/2026\/04\/thumbs_b_c_726254cdf29952b21c57cf994ff5731a.jpg\" style=\"width:100%;height:auto;margin-bottom:20px\"><\/p>\n<p>Anadolu&#8217;nun haberine g\u00f6re, T\u00fcrkiye Cumhurba\u015fkan\u0131 Recep Tayyip Erdo\u011fan, Washington&#8217;daki Beyaz Saray Muhabirleri Yeme\u011fi&#8217;nde ya\u015fanan silahl\u0131 sald\u0131r\u0131 olay\u0131n\u0131 k\u0131nad\u0131.<\/p>\n<p>Erdo\u011fan, T\u00fcrk sosyal medya platformu NSosyal&#8217;de yapt\u0131\u011f\u0131 payla\u015f\u0131mda, &#8220;Kimsenin, \u00f6zellikle de Amerika Ba\u015fkan\u0131 Donald Trump ve onun \u015ferefli e\u015fi Melania Trump&#8217;\u0131n yaralanmam\u0131\u015f olmas\u0131 bizim i\u00e7in g\u00fcven verici&#8221; dedi.<\/p>\n<p>Erdo\u011fan, demokrasilerde \u00e7at\u0131\u015fmalar\u0131n fikirler \u00fczerinden ger\u00e7ekle\u015fti\u011fini ve &#8220;buna yer olmad\u0131\u011f\u0131n\u0131&#8221; vurgulad\u0131. herhangi bir bi\u00e7imde.&#8221; \u015fiddet&#8221;.<\/p>\n<p>Sald\u0131r\u0131, cumartesi ak\u015fam\u0131, y\u0131ll\u0131k yeme\u011fin verildi\u011fi Washington Hilton otelinde ger\u00e7ekle\u015fti. Amerikan medyas\u0131 taraf\u0131ndan 31 ya\u015f\u0131nda bir erkek olarak tan\u0131mlanan bir \u015f\u00fcpheli, yetkililer bu ki\u015finin gerek\u00e7elerini ara\u015ft\u0131r\u0131rken tutukland\u0131. Yetkililere g\u00f6re, bir Gizli Servis memuru vuruldu ancak kur\u015fun ge\u00e7irmez bir yelekle korundu ve iyile\u015fiyor.<\/p>\n<p>Tecr\u00fcbeyi geli\u015ftirmek ve reklam g\u00f6r\u00fcnt\u00fclemek i\u00e7in \u00e7erezler kullan\u0131yoruz (Google AdSense).<br \/>\n          &#8220;Kabul Et&#8221; se\u00e7ene\u011fine t\u0131klayarak \u00e7erezlerin a\u015fa\u011f\u0131daki \u015fartlara g\u00f6re kullan\u0131lmas\u0131n\u0131 kabul etmi\u015f olursunuz.<br \/>\n          Gizlilik Politikas\u0131<br \/>\n          ve<br \/>\n          \u00c7erez Politikas\u0131.<br \/>\n          &#8220;Reddet&#8221;i t\u0131klayarak gerekli olmayan \u00e7erezleri reddedebilirsiniz.<\/p>\n<hr style=\"margin:30px 0\">\n<p style=\"font-size:13px;color:#666\">Kaynak: <strong>prizrenpost<\/strong><\/p>\n","protected":false},"excerpt":{"rendered":"<p>Anadolu&#8217;nun haberine g\u00f6re, T\u00fcrkiye Cumhurba\u015fkan\u0131 Recep Tayyip Erdo\u011fan, Washington&#8217;daki Beyaz Saray Muhabirleri Yeme\u011fi&#8217;nde ya\u015fanan silahl\u0131 sald\u0131r\u0131 olay\u0131n\u0131 k\u0131nad\u0131. Erdo\u011fan, T\u00fcrk sosyal medya platformu NSosyal&#8217;de yapt\u0131\u011f\u0131 payla\u015f\u0131mda, &#8220;Kimsenin, \u00f6zellikle de Amerika Ba\u015fkan\u0131 Donald Trump ve onun \u015ferefli e\u015fi Melania Trump&#8217;\u0131n yaralanmam\u0131\u015f olmas\u0131 bizim i\u00e7in g\u00fcven verici&#8221; dedi. Erdo\u011fan, demokrasilerde \u00e7at\u0131\u015fmalar\u0131n fikirler \u00fczerinden ger\u00e7ekle\u015fti\u011fini ve &#8220;buna yer [&hellip;]<\/p>\n","protected":false},"author":1,"featured_media":42546,"comment_status":"open","ping_status":"open","sticky":false,"template":"","format":"standard","meta":{"footnotes":""},"categories":[24],"tags":[179],"class_list":["post-42545","post","type-post","status-publish","format-standard","has-post-thumbnail","hentry","category-dunya","tag-aktuel"],"views":4,"_links":{"self":[{"href":"https:\/\/prizrenpost.com\/tr\/wp-json\/wp\/v2\/posts\/42545","targetHints":{"allow":["GET"]}}],"collection":[{"href":"https:\/\/prizrenpost.com\/tr\/wp-json\/wp\/v2\/posts"}],"about":[{"href":"https:\/\/prizrenpost.com\/tr\/wp-json\/wp\/v2\/types\/post"}],"author":[{"embeddable":true,"href":"https:\/\/prizrenpost.com\/tr\/wp-json\/wp\/v2\/users\/1"}],"replies":[{"embeddable":true,"href":"https:\/\/prizrenpost.com\/tr\/wp-json\/wp\/v2\/comments?post=42545"}],"version-history":[{"count":1,"href":"https:\/\/prizrenpost.com\/tr\/wp-json\/wp\/v2\/posts\/42545\/revisions"}],"predecessor-version":[{"id":42547,"href":"https:\/\/prizrenpost.com\/tr\/wp-json\/wp\/v2\/posts\/42545\/revisions\/42547"}],"wp:featuredmedia":[{"embeddable":true,"href":"https:\/\/prizrenpost.com\/tr\/wp-json\/wp\/v2\/media\/42546"}],"wp:attachment":[{"href":"https:\/\/prizrenpost.com\/tr\/wp-json\/wp\/v2\/media?parent=42545"}],"wp:term":[{"taxonomy":"category","embeddable":true,"href":"https:\/\/prizrenpost.com\/tr\/wp-json\/wp\/v2\/categories?post=42545"},{"taxonomy":"post_tag","embeddable":true,"href":"https:\/\/prizrenpost.com\/tr\/wp-json\/wp\/v2\/tags?post=42545"}],"curies":[{"name":"wp","href":"https:\/\/api.w.org\/{rel}","templated":true}]}}