{"id":42548,"date":"2026-04-26T14:45:26","date_gmt":"2026-04-26T12:45:26","guid":{"rendered":"https:\/\/prizrenpost.com\/tr\/suriyede-sivillere-karsi-islenen-suclardan-dolayi-esadin-kuzeni-yargilaniyor\/"},"modified":"2026-04-26T14:45:27","modified_gmt":"2026-04-26T12:45:27","slug":"suriyede-sivillere-karsi-islenen-suclardan-dolayi-esadin-kuzeni-yargilaniyor","status":"publish","type":"post","link":"https:\/\/prizrenpost.com\/tr\/suriyede-sivillere-karsi-islenen-suclardan-dolayi-esadin-kuzeni-yargilaniyor\/","title":{"rendered":"Suriye&#8217;de sivillere kar\u015f\u0131 i\u015flenen su\u00e7lardan dolay\u0131 Esad&#8217;\u0131n kuzeni yarg\u0131lan\u0131yor"},"content":{"rendered":"<p><img decoding=\"async\" src=\"https:\/\/prizrenpost.com\/tr\/wp-content\/uploads\/2026\/04\/Atef-Najib.jpg\" style=\"width:100%;height:auto;margin-bottom:20px\"><\/p>\n<p>Devrik eski cumhurba\u015fkan\u0131 Be\u015far Esad&#8217;\u0131n kuzeni ve Suriye&#8217;nin Daraa kentindeki eski siyasi g\u00fcvenlik sorumlusu Atef Najib, Anadolu yay\u0131n\u0131nda \u015eam&#8217;daki D\u00f6rd\u00fcnc\u00fc Ceza Mahkemesi&#8217;ne \u00e7\u0131kt\u0131.<\/p>\n<p>Al-\u0130khbariya TV, Necib&#8217;in Suriye&#8217;nin ba\u015fkentinde mahkemeye \u00e7\u0131kar\u0131ld\u0131ktan sonra san\u0131\u011f\u0131n kafesinde g\u00f6r\u00fcld\u00fc\u011f\u00fc video g\u00f6r\u00fcnt\u00fclerini yay\u0131nlad\u0131.<\/p>\n<p>\u201cSuriye&#8217;deki ilk ge\u00e7i\u015f d\u00f6nemi adaleti davalar\u0131nda bir tutuklu da var. Kimli\u011fi a\u00e7\u0131klanmayan bir yarg\u0131c\u0131n aktard\u0131\u011f\u0131na g\u00f6re kanal, (Atef Najib) ve san\u0131klar ka\u00e7\u0131yor&#8221; \u015feklinde konu\u015ftu.<\/p>\n<p>Ka\u00e7aklar aras\u0131nda Be\u015far Esad ve D\u00f6rd\u00fcnc\u00fc T\u00fcmen komutan\u0131 karde\u015fi Maher Esad&#8217;\u0131n yan\u0131 s\u0131ra eski Savunma Bakan\u0131 Fahd Jassem el-Freij, Daraa&#8217;daki eski askeri istihbarat ba\u015fkan\u0131 Laith el-Ali ve Suwayda vilayetinin eski askeri istihbarat ba\u015fkan\u0131 Wafiq de var. Nasser.<\/p>\n<p>Hakim duru\u015fmay\u0131 10 May\u0131s&#8217;a erteledi.<\/p>\n<p>Ge\u00e7en y\u0131l\u0131n Ocak ay\u0131nda tutuklanan Najib, Harp Okulu&#8217;ndan mezun olduktan sonra istihbarat servislerine kat\u0131ld\u0131 ve burada Dera&#8217;daki Siyasi G\u00fcvenlik \u015eubesi de dahil olmak \u00fczere \u00e7e\u015fitli g\u00f6revlerde bulundu.<\/p>\n<p>Bu y\u0131lki ayaklanman\u0131n ba\u015flad\u0131\u011f\u0131 \u015fehir olan Deraa&#8217;da sivillere kar\u015f\u0131 ilk ihlallerden biri olmakla su\u00e7lan\u0131yor. 2011.<\/p>\n<p>Ayr\u0131ca Deraa&#8217;da duvarlara rejim kar\u015f\u0131t\u0131 sloganlar yazan \u00e7ocuklar\u0131 tutuklamak ve i\u015fkence etmekle de su\u00e7lan\u0131yor; bu olay Suriye&#8217;deki ilk protestolar\u0131 ate\u015fledi.<\/p>\n<p>Aral\u0131k 2024&#8217;te Suriye&#8217;yi yakla\u015f\u0131k 25 y\u0131l y\u00f6neten Esad Rusya&#8217;ya ka\u00e7t\u0131 ve 1963&#8217;te ba\u015flayan Baas Partisi y\u00f6netimine son verdi. Ocak 2025&#8217;te kuruldu.<\/p>\n<p>Deneyimi geli\u015ftirmek ve reklamlar\u0131 g\u00f6r\u00fcnt\u00fclemek i\u00e7in \u00e7erezleri kullan\u0131yoruz (Google AdSense).<br \/>\n          &#8220;Kabul Et&#8221; se\u00e7ene\u011fine t\u0131klayarak \u00e7erezlerin a\u015fa\u011f\u0131daki \u015fartlara g\u00f6re kullan\u0131lmas\u0131n\u0131 kabul etmi\u015f olursunuz.<br \/>\n          Gizlilik Politikas\u0131<br \/>\n          ve<br \/>\n          \u00c7erez Politikas\u0131.<br \/>\n          &#8220;Reddet&#8221;i t\u0131klayarak gerekli olmayan \u00e7erezleri reddedebilirsiniz.<\/p>\n<hr style=\"margin:30px 0\">\n<p style=\"font-size:13px;color:#666\">Kaynak: <strong>prizrenpost<\/strong><\/p>\n","protected":false},"excerpt":{"rendered":"<p>Devrik eski cumhurba\u015fkan\u0131 Be\u015far Esad&#8217;\u0131n kuzeni ve Suriye&#8217;nin Daraa kentindeki eski siyasi g\u00fcvenlik sorumlusu Atef Najib, Anadolu yay\u0131n\u0131nda \u015eam&#8217;daki D\u00f6rd\u00fcnc\u00fc Ceza Mahkemesi&#8217;ne \u00e7\u0131kt\u0131. Al-\u0130khbariya TV, Necib&#8217;in Suriye&#8217;nin ba\u015fkentinde mahkemeye \u00e7\u0131kar\u0131ld\u0131ktan sonra san\u0131\u011f\u0131n kafesinde g\u00f6r\u00fcld\u00fc\u011f\u00fc video g\u00f6r\u00fcnt\u00fclerini yay\u0131nlad\u0131. \u201cSuriye&#8217;deki ilk ge\u00e7i\u015f d\u00f6nemi adaleti davalar\u0131nda bir tutuklu da var. Kimli\u011fi a\u00e7\u0131klanmayan bir yarg\u0131c\u0131n aktard\u0131\u011f\u0131na g\u00f6re kanal, (Atef [&hellip;]<\/p>\n","protected":false},"author":1,"featured_media":42549,"comment_status":"open","ping_status":"open","sticky":false,"template":"","format":"standard","meta":{"footnotes":""},"categories":[24],"tags":[179],"class_list":["post-42548","post","type-post","status-publish","format-standard","has-post-thumbnail","hentry","category-dunya","tag-aktuel"],"views":5,"_links":{"self":[{"href":"https:\/\/prizrenpost.com\/tr\/wp-json\/wp\/v2\/posts\/42548","targetHints":{"allow":["GET"]}}],"collection":[{"href":"https:\/\/prizrenpost.com\/tr\/wp-json\/wp\/v2\/posts"}],"about":[{"href":"https:\/\/prizrenpost.com\/tr\/wp-json\/wp\/v2\/types\/post"}],"author":[{"embeddable":true,"href":"https:\/\/prizrenpost.com\/tr\/wp-json\/wp\/v2\/users\/1"}],"replies":[{"embeddable":true,"href":"https:\/\/prizrenpost.com\/tr\/wp-json\/wp\/v2\/comments?post=42548"}],"version-history":[{"count":1,"href":"https:\/\/prizrenpost.com\/tr\/wp-json\/wp\/v2\/posts\/42548\/revisions"}],"predecessor-version":[{"id":42550,"href":"https:\/\/prizrenpost.com\/tr\/wp-json\/wp\/v2\/posts\/42548\/revisions\/42550"}],"wp:featuredmedia":[{"embeddable":true,"href":"https:\/\/prizrenpost.com\/tr\/wp-json\/wp\/v2\/media\/42549"}],"wp:attachment":[{"href":"https:\/\/prizrenpost.com\/tr\/wp-json\/wp\/v2\/media?parent=42548"}],"wp:term":[{"taxonomy":"category","embeddable":true,"href":"https:\/\/prizrenpost.com\/tr\/wp-json\/wp\/v2\/categories?post=42548"},{"taxonomy":"post_tag","embeddable":true,"href":"https:\/\/prizrenpost.com\/tr\/wp-json\/wp\/v2\/tags?post=42548"}],"curies":[{"name":"wp","href":"https:\/\/api.w.org\/{rel}","templated":true}]}}