{"id":42554,"date":"2026-04-26T15:25:39","date_gmt":"2026-04-26T13:25:39","guid":{"rendered":"https:\/\/prizrenpost.com\/tr\/iranli-milletvekili-hurmuz-bogazi-savas-oncesi-durumuna-donmeyecek\/"},"modified":"2026-04-26T15:25:41","modified_gmt":"2026-04-26T13:25:41","slug":"iranli-milletvekili-hurmuz-bogazi-savas-oncesi-durumuna-donmeyecek","status":"publish","type":"post","link":"https:\/\/prizrenpost.com\/tr\/iranli-milletvekili-hurmuz-bogazi-savas-oncesi-durumuna-donmeyecek\/","title":{"rendered":"\u0130ranl\u0131 milletvekili: H\u00fcrm\u00fcz Bo\u011faz\u0131 sava\u015f \u00f6ncesi durumuna d\u00f6nmeyecek"},"content":{"rendered":"<p><img decoding=\"async\" src=\"https:\/\/prizrenpost.com\/tr\/wp-content\/uploads\/2026\/04\/thumbs_b_c_01702e593d35483de9238e97b9ee6767.jpg\" style=\"width:100%;height:auto;margin-bottom:20px\"><\/p>\n<p>Anadolu&#8217;nun haberine g\u00f6re, \u0130ran&#8217;\u0131n bu stratejik g\u00fczergahta gemi ta\u015f\u0131mac\u0131l\u0131\u011f\u0131na getirdi\u011fi k\u0131s\u0131tlamalar ve Amerika&#8217;n\u0131n \u0130ran limanlar\u0131na uygulad\u0131\u011f\u0131 ablukan\u0131n ortas\u0131nda \u00fcst d\u00fczey bir \u0130ranl\u0131 milletvekili, H\u00fcrm\u00fcz Bo\u011faz\u0131&#8217;n\u0131n sava\u015f \u00f6ncesi durumuna d\u00f6nmeyece\u011fini a\u00e7\u0131klad\u0131.<\/p>\n<p>\u0130ran parlamentosunun ikinci ba\u015fkan yard\u0131mc\u0131s\u0131 Ali Nikzad, &#8220;H\u00fcrm\u00fcz Bo\u011faz\u0131&#8217;n\u0131 hi\u00e7bir \u015fekilde \u00f6nceki durumuna d\u00f6nd\u00fcrmeyece\u011fiz, \u00e7\u00fcnk\u00fc bu \u0130slam Devrimi Lideri&#8217;nin bir emridir&#8221; dedi.<\/p>\n<p>&#8220;Donald yapmad\u0131. Trump, Fordo ve Natanz&#8217;\u0131 bombalad\u0131ktan sonra her \u015feyin yok edildi\u011fini ve \u0130ran&#8217;\u0131n art\u0131k n\u00fckleer program\u0131 olmad\u0131\u011f\u0131n\u0131 m\u0131 s\u00f6yl\u00fcyor? Ama \u015fimdi \u0130ran&#8217;\u0131n n\u00fckleer kapasiteye sahip oldu\u011funu kabul etmeyece\u011fini s\u00f6yl\u00fcyor.&#8221; diye ekledi.<\/p>\n<p>Yar\u0131 resmi Mehr ajans\u0131na konu\u015fan Trump \u015funu s\u00f6yledi: &#8220;Trump buna ne diye karar verecek?&#8221;.<\/p>\n<p>ABD ve \u0130srail&#8217;in \u0130ran&#8217;a kar\u015f\u0131 ba\u015flatt\u0131\u011f\u0131 28 \u015eubat&#8217;tan bu yana Tahran, Bo\u011faz&#8217;\u0131n kontrol\u00fcn\u00fc elinde tutuyor. H\u00fcrm\u00fcz ve ard\u0131ndan 13 Nisan&#8217;da ABD&#8217;nin, \u00f6zellikle Asya&#8217;daki k\u00fcresel enerji arz\u0131n\u0131 etkileyen deniz ablukas\u0131 geldi.<\/p>\n<p>Washington ve Tahran, iki hafta \u00f6nce Pakistan&#8217;\u0131n ba\u015fkenti \u0130slamabad&#8217;da g\u00f6r\u00fc\u015fmelerde bulundular ancak \u00e7at\u0131\u015fmay\u0131 sona erdirecek bir anla\u015fmaya varamad\u0131lar.<\/p>\n<p>M\u00fczakereler, 8 Nisan&#8217;da Pakistan&#8217;\u0131n arabuluculu\u011fu yapt\u0131\u011f\u0131 ve daha sonra Ba\u015fkan Trump taraf\u0131ndan uzat\u0131lan iki haftal\u0131k ate\u015fkesin ard\u0131ndan geldi.<\/p>\n<p>Yeni bir m\u00fczakere turu i\u00e7in \u00e7abalar devam etse de, baz\u0131 kilit noktalardaki m\u00fczakereler devam ediyor. H\u00fcrm\u00fcz Bo\u011faz\u0131, ABD&#8217;nin \u0130ran limanlar\u0131na uygulad\u0131\u011f\u0131 abluka ve \u0130ran&#8217;\u0131n zenginle\u015ftirilmi\u015f uranyumu gibi sorunlar devam ediyor.<\/p>\n<p>Deneyimi geli\u015ftirmek ve reklamlar\u0131 g\u00f6r\u00fcnt\u00fclemek i\u00e7in \u00e7erezleri kullan\u0131yoruz (Google AdSense).<br \/>\n          &#8220;Kabul Et&#8221; se\u00e7ene\u011fine t\u0131klayarak \u00e7erezlerin a\u015fa\u011f\u0131daki \u015fartlara g\u00f6re kullan\u0131lmas\u0131n\u0131 kabul etmi\u015f olursunuz.<br \/>\n          Gizlilik Politikas\u0131<br \/>\n          ve<br \/>\n          \u00c7erez Politikas\u0131.<br \/>\n          &#8220;Reddet&#8221;i t\u0131klayarak gerekli olmayan \u00e7erezleri reddedebilirsiniz.<\/p>\n<hr style=\"margin:30px 0\">\n<p style=\"font-size:13px;color:#666\">Kaynak: <strong>prizrenpost<\/strong><\/p>\n","protected":false},"excerpt":{"rendered":"<p>Anadolu&#8217;nun haberine g\u00f6re, \u0130ran&#8217;\u0131n bu stratejik g\u00fczergahta gemi ta\u015f\u0131mac\u0131l\u0131\u011f\u0131na getirdi\u011fi k\u0131s\u0131tlamalar ve Amerika&#8217;n\u0131n \u0130ran limanlar\u0131na uygulad\u0131\u011f\u0131 ablukan\u0131n ortas\u0131nda \u00fcst d\u00fczey bir \u0130ranl\u0131 milletvekili, H\u00fcrm\u00fcz Bo\u011faz\u0131&#8217;n\u0131n sava\u015f \u00f6ncesi durumuna d\u00f6nmeyece\u011fini a\u00e7\u0131klad\u0131. \u0130ran parlamentosunun ikinci ba\u015fkan yard\u0131mc\u0131s\u0131 Ali Nikzad, &#8220;H\u00fcrm\u00fcz Bo\u011faz\u0131&#8217;n\u0131 hi\u00e7bir \u015fekilde \u00f6nceki durumuna d\u00f6nd\u00fcrmeyece\u011fiz, \u00e7\u00fcnk\u00fc bu \u0130slam Devrimi Lideri&#8217;nin bir emridir&#8221; dedi. &#8220;Donald yapmad\u0131. Trump, [&hellip;]<\/p>\n","protected":false},"author":1,"featured_media":42555,"comment_status":"open","ping_status":"open","sticky":false,"template":"","format":"standard","meta":{"footnotes":""},"categories":[24],"tags":[179],"class_list":["post-42554","post","type-post","status-publish","format-standard","has-post-thumbnail","hentry","category-dunya","tag-aktuel"],"views":4,"_links":{"self":[{"href":"https:\/\/prizrenpost.com\/tr\/wp-json\/wp\/v2\/posts\/42554","targetHints":{"allow":["GET"]}}],"collection":[{"href":"https:\/\/prizrenpost.com\/tr\/wp-json\/wp\/v2\/posts"}],"about":[{"href":"https:\/\/prizrenpost.com\/tr\/wp-json\/wp\/v2\/types\/post"}],"author":[{"embeddable":true,"href":"https:\/\/prizrenpost.com\/tr\/wp-json\/wp\/v2\/users\/1"}],"replies":[{"embeddable":true,"href":"https:\/\/prizrenpost.com\/tr\/wp-json\/wp\/v2\/comments?post=42554"}],"version-history":[{"count":1,"href":"https:\/\/prizrenpost.com\/tr\/wp-json\/wp\/v2\/posts\/42554\/revisions"}],"predecessor-version":[{"id":42556,"href":"https:\/\/prizrenpost.com\/tr\/wp-json\/wp\/v2\/posts\/42554\/revisions\/42556"}],"wp:featuredmedia":[{"embeddable":true,"href":"https:\/\/prizrenpost.com\/tr\/wp-json\/wp\/v2\/media\/42555"}],"wp:attachment":[{"href":"https:\/\/prizrenpost.com\/tr\/wp-json\/wp\/v2\/media?parent=42554"}],"wp:term":[{"taxonomy":"category","embeddable":true,"href":"https:\/\/prizrenpost.com\/tr\/wp-json\/wp\/v2\/categories?post=42554"},{"taxonomy":"post_tag","embeddable":true,"href":"https:\/\/prizrenpost.com\/tr\/wp-json\/wp\/v2\/tags?post=42554"}],"curies":[{"name":"wp","href":"https:\/\/api.w.org\/{rel}","templated":true}]}}