{"id":42557,"date":"2026-04-26T16:30:34","date_gmt":"2026-04-26T14:30:34","guid":{"rendered":"https:\/\/prizrenpost.com\/tr\/gazzede-cocuklar-yasadiklari-cadirlarin-yakinindaki-cop-yiginlari-arasinda-buyuyor\/"},"modified":"2026-04-26T16:30:34","modified_gmt":"2026-04-26T14:30:34","slug":"gazzede-cocuklar-yasadiklari-cadirlarin-yakinindaki-cop-yiginlari-arasinda-buyuyor","status":"publish","type":"post","link":"https:\/\/prizrenpost.com\/tr\/gazzede-cocuklar-yasadiklari-cadirlarin-yakinindaki-cop-yiginlari-arasinda-buyuyor\/","title":{"rendered":"Gazze&#8217;de \u00e7ocuklar ya\u015fad\u0131klar\u0131 \u00e7ad\u0131rlar\u0131n yak\u0131n\u0131ndaki \u00e7\u00f6p y\u0131\u011f\u0131nlar\u0131 aras\u0131nda b\u00fcy\u00fcyor"},"content":{"rendered":"<p><img decoding=\"async\" src=\"https:\/\/prizrenpost.com\/tr\/wp-content\/uploads\/2026\/04\/thumbs_b_c_81bf39907f6296f4347066e663bfae31.jpg\" style=\"width:100%;height:auto;margin-bottom:20px\"><\/p>\n<p>\u0130srail&#8217;in a\u011f\u0131r y\u0131k\u0131m ve ablukas\u0131 nedeniyle en temel hizmetlerin dahi k\u0131s\u0131tland\u0131\u011f\u0131 Gazze \u015eeridi&#8217;nde evlerinden edilen binlerce Filistinli, \u00e7\u00f6pl\u00fcklerin yak\u0131n\u0131nda \u00e7ad\u0131rlarda ya\u015famak zorunda kal\u0131yor, sa\u011fl\u0131k ve \u00e7evresel risklerle kar\u015f\u0131 kar\u015f\u0131ya kal\u0131yor.<\/p>\n<p>Yetkililer, \u0130srail i\u015fgali ve ablukas\u0131 nedeniyle Gazze \u015eeridi&#8217;nde toplanmayan \u00e7\u00f6plerin krize yol a\u00e7t\u0131\u011f\u0131na dikkat \u00e7ekti. sa\u011fl\u0131k ve \u00e7evre a\u00e7\u0131s\u0131ndan ciddi riskler ta\u015f\u0131d\u0131\u011f\u0131n\u0131 belirterek, uluslararas\u0131 topluma acil eylem \u00e7a\u011fr\u0131s\u0131nda bulundu.<\/p>\n<p>\u0130srail&#8217;in Gazze \u015eeridi&#8217;nin her b\u00f6lgesinde iki y\u0131l\u0131 a\u015fk\u0131n s\u00fcredir devam eden sald\u0131r\u0131lar\u0131n\u0131n yaratt\u0131\u011f\u0131 y\u0131k\u0131m, 10 Ekim&#8217;de var\u0131lan ate\u015fkese ra\u011fmen s\u0131n\u0131r kap\u0131lar\u0131n\u0131n kapal\u0131 kalmas\u0131 ve giri\u015f \u00e7\u0131k\u0131\u015flar\u0131n k\u0131s\u0131tlanmas\u0131, b\u00f6lgenin yaralar\u0131n\u0131n iyile\u015fmesini geciktiriyor.<\/p>\n<p>Y\u0131k\u0131lan y\u0131k\u0131nt\u0131lar\u0131n yak\u0131n\u0131nda kurduklar\u0131 \u00e7ad\u0131rlarda hayatta kalma m\u00fccadelesi veren Filistinliler, evlerinde veya evlerinden uzakta, \u00e7ocuklar\u0131n\u0131 \u00e7evre ve sa\u011fl\u0131k a\u00e7\u0131s\u0131ndan risk alt\u0131nda, en temel ihtiya\u00e7lardan dahi yoksun yeti\u015ftiriyorlar.<\/p>\n<p>\u0130stihdam imkanlar\u0131n\u0131n ve gelir kaynaklar\u0131n\u0131n bulunmad\u0131\u011f\u0131 Gazze&#8217;de Filistinliler, \u00f6zellikle de \u00e7ocuklar, kullan\u0131labilir malzeme veya yiyecek bulmak i\u00e7in \u00e7\u00f6p y\u0131\u011f\u0131nlar\u0131 aras\u0131nda dola\u015f\u0131yor.<\/p>\n<p>Kar\u015f\u0131la\u015ft\u0131klar\u0131 tehlikeler aras\u0131nda toplanmam\u0131\u015f \u00e7\u00f6pler b\u00fcy\u00fck \u00f6nem ta\u015f\u0131yor. \u0130srail i\u015fgali ve ablukas\u0131 nedeniyle toplanmayan at\u0131klar\u0131n ciddi bir sa\u011fl\u0131k ve \u00e7evre krizine yol a\u00e7t\u0131\u011f\u0131na dikkat \u00e7eken yetkililer, uluslararas\u0131 topluma acil \u00f6nlem alma \u00e7a\u011fr\u0131s\u0131nda bulunuyor.<\/p>\n<p>\u0130srail, Gazze&#8217;nin yakla\u015f\u0131k y\u00fczde 50&#8217;sini olu\u015fturan &#8220;Sar\u0131 Hat&#8221;taki i\u015fgalini de s\u00fcrd\u00fcr\u00fcyor. Bunun sonucunda Gazze&#8217;deki belediyeler b\u00f6lgede kalan geni\u015f \u00e7\u00f6p toplama alanlar\u0131na eri\u015femiyor.<\/p>\n<p>Ayr\u0131ca yak\u0131t ve ekipman eksikli\u011fi, zorla yerinden edilen Filistinlilerin ya\u015fad\u0131\u011f\u0131 \u00e7ad\u0131rlar aras\u0131nda biriken \u00e7\u00f6plerin toplanmas\u0131nda b\u00fcy\u00fck sorunlar yaratarak ciddi sa\u011fl\u0131k ve \u00e7evre sorunlar\u0131na yol a\u00e7\u0131yor.<\/p>\n<p>Beit Lahiya kasabas\u0131nda ya\u015fayan yerinden edilmi\u015f Filistinli Atta Marouf, &#8220;Ba\u015fka alternatifimiz yok&#8221; dedi. Anadolu i\u00e7in \u00e7\u00f6pl\u00fcklerin yak\u0131n\u0131nda ya\u015famak Filistinli aileler i\u00e7in ka\u00e7\u0131n\u0131lmaz bir durum haline geldi. &#8220;Ba\u015fka alternatifimiz olmad\u0131\u011f\u0131 i\u00e7in \u00e7\u00f6pl\u00fcklerin yak\u0131n\u0131nda ya\u015famak zorunda kal\u0131yoruz&#8221; dedi.<\/p>\n<p>Marouf, ekmek yapmak veya yemek pi\u015firmek i\u00e7in ate\u015fe ihtiya\u00e7lar\u0131 oldu\u011funu s\u00f6yledi; Gaz ve yak\u0131t olmad\u0131\u011f\u0131 i\u00e7in ka\u011f\u0131t, plastik veya tahta par\u00e7alar\u0131 topluyorlar.<\/p>\n<p>Marouf, b\u00f6lgede ya\u015fayanlar aras\u0131nda \u00f6zellikle \u00e7ocuklarda ka\u015f\u0131nt\u0131 g\u00f6r\u00fcld\u00fc\u011f\u00fcne ve baz\u0131 hastal\u0131klar\u0131n yay\u0131ld\u0131\u011f\u0131na dikkat \u00e7ekti.<\/p>\n<p>Anadolu&#8217;ya konu\u015fan 13 ya\u015f\u0131ndaki Samir Wadi, &#8220;\u00c7\u00f6pte arama yaparken bazen can\u0131m\u0131z yan\u0131yor, bazen de a\u00e7l\u0131ktan ne bulursak onu yiyoruz.&#8221;<\/p>\n<p>Wadi bunu yapmaya devam ettiklerini s\u00f6yledi. \u00e7\u00fcnk\u00fc ba\u015fka alternatifleri yok.<\/p>\n<p>Filistinli aileler, sa\u011fl\u0131k ve \u00e7evre hizmetlerinin yetersizli\u011fi nedeniyle \u00e7\u00f6p y\u0131\u011f\u0131nlar\u0131n\u0131n yan\u0131na kurulan \u00e7ad\u0131rlarda ya\u015f\u0131yor.<\/p>\n<p>Gazze \u015eeridi&#8217;nde yerinden edilmi\u015f insanlar\u0131n ac\u0131s\u0131 devam ediyor<\/p>\n<p>Yerinden edilmi\u015f Filistinli Shuruk Abdulal, \u00e7ocuklar\u0131n\u0131n \u00e7evre ko\u015fullar\u0131 nedeniyle hastal\u0131klardan ve y\u00fcksek ate\u015ften muzdarip oldu\u011funu s\u00f6yledi.<\/p>\n<p>\u201cHer yerde b\u00f6cekler var ve bazen \u00e7ocuklar \u00e7\u00f6pten yiyecek getiriyor, biz de yemek yapmak zorunda kal\u0131yoruz. Abdulal, &#8220;Ya\u015famak i\u00e7in daha g\u00fcvenli yerler arayan Abdulal, \u015funlar\u0131 s\u00f6yledi: &#8220;Bu \u00e7\u00f6p y\u0131\u011f\u0131nlar\u0131ndan uzakta, ya\u015famak i\u00e7in temiz bir yer istiyoruz.&#8221;<\/p>\n<p>Gazze&#8217;yi sa\u011fl\u0131k ve \u00e7evre felaketi bekliyor<\/p>\n<p>Kat\u0131 At\u0131k Y\u00f6netimi Ortak Hizmetler Konseyi Ba\u015fkan\u0131 Ahmed el Sufi de sokaklarda \u00e7\u00f6p birikmesi ve &#8220;Sar\u0131 Mahalle&#8221; i\u00e7indeki ana \u00e7\u00f6p toplama alan\u0131na ula\u015famamalar\u0131 nedeniyle b\u00fcy\u00fck bir krizle kar\u015f\u0131 kar\u015f\u0131ya olduklar\u0131n\u0131 vurgulad\u0131. Line&#8221;.<\/p>\n<p>&#8220;Sava\u015f\u0131n \u00fczerinden 900 g\u00fcnden fazla zaman ge\u00e7mesine ra\u011fmen Refah&#8217;\u0131n do\u011fusundaki ana \u00e7\u00f6p toplama alan\u0131na hala ula\u015famad\u0131k. Bu, sa\u011fl\u0131k ve ekolojik sistemin \u00e7\u00f6kmesi anlam\u0131na geliyor. Bu do\u011frudan insan sa\u011fl\u0131\u011f\u0131n\u0131 ve uzun vadede \u00e7evreyi tehdit ediyor.&#8221; deneyimi geli\u015ftirmek ve reklamlar\u0131 g\u00f6r\u00fcnt\u00fclemek i\u00e7in (Google AdSense).<br \/>\n          &#8220;Kabul Et&#8221; se\u00e7ene\u011fine t\u0131klayarak \u00e7erezlerin a\u015fa\u011f\u0131daki \u015fartlara g\u00f6re kullan\u0131lmas\u0131n\u0131 kabul etmi\u015f olursunuz.<br \/>\n          Gizlilik Politikas\u0131<br \/>\n          ve<br \/>\n          \u00c7erez Politikas\u0131.<br \/>\n          &#8220;Reddet&#8221;i t\u0131klayarak gerekli olmayan \u00e7erezleri reddedebilirsiniz.<\/p>\n<hr style=\"margin:30px 0\">\n<p style=\"font-size:13px;color:#666\">Kaynak: <strong>prizrenpost<\/strong><\/p>\n","protected":false},"excerpt":{"rendered":"<p>\u0130srail&#8217;in a\u011f\u0131r y\u0131k\u0131m ve ablukas\u0131 nedeniyle en temel hizmetlerin dahi k\u0131s\u0131tland\u0131\u011f\u0131 Gazze \u015eeridi&#8217;nde evlerinden edilen binlerce Filistinli, \u00e7\u00f6pl\u00fcklerin yak\u0131n\u0131nda \u00e7ad\u0131rlarda ya\u015famak zorunda kal\u0131yor, sa\u011fl\u0131k ve \u00e7evresel risklerle kar\u015f\u0131 kar\u015f\u0131ya kal\u0131yor. Yetkililer, \u0130srail i\u015fgali ve ablukas\u0131 nedeniyle Gazze \u015eeridi&#8217;nde toplanmayan \u00e7\u00f6plerin krize yol a\u00e7t\u0131\u011f\u0131na dikkat \u00e7ekti. sa\u011fl\u0131k ve \u00e7evre a\u00e7\u0131s\u0131ndan ciddi riskler ta\u015f\u0131d\u0131\u011f\u0131n\u0131 belirterek, uluslararas\u0131 topluma [&hellip;]<\/p>\n","protected":false},"author":1,"featured_media":42558,"comment_status":"open","ping_status":"open","sticky":false,"template":"","format":"standard","meta":{"footnotes":""},"categories":[24],"tags":[179],"class_list":["post-42557","post","type-post","status-publish","format-standard","has-post-thumbnail","hentry","category-dunya","tag-aktuel"],"views":3,"_links":{"self":[{"href":"https:\/\/prizrenpost.com\/tr\/wp-json\/wp\/v2\/posts\/42557","targetHints":{"allow":["GET"]}}],"collection":[{"href":"https:\/\/prizrenpost.com\/tr\/wp-json\/wp\/v2\/posts"}],"about":[{"href":"https:\/\/prizrenpost.com\/tr\/wp-json\/wp\/v2\/types\/post"}],"author":[{"embeddable":true,"href":"https:\/\/prizrenpost.com\/tr\/wp-json\/wp\/v2\/users\/1"}],"replies":[{"embeddable":true,"href":"https:\/\/prizrenpost.com\/tr\/wp-json\/wp\/v2\/comments?post=42557"}],"version-history":[{"count":1,"href":"https:\/\/prizrenpost.com\/tr\/wp-json\/wp\/v2\/posts\/42557\/revisions"}],"predecessor-version":[{"id":42559,"href":"https:\/\/prizrenpost.com\/tr\/wp-json\/wp\/v2\/posts\/42557\/revisions\/42559"}],"wp:featuredmedia":[{"embeddable":true,"href":"https:\/\/prizrenpost.com\/tr\/wp-json\/wp\/v2\/media\/42558"}],"wp:attachment":[{"href":"https:\/\/prizrenpost.com\/tr\/wp-json\/wp\/v2\/media?parent=42557"}],"wp:term":[{"taxonomy":"category","embeddable":true,"href":"https:\/\/prizrenpost.com\/tr\/wp-json\/wp\/v2\/categories?post=42557"},{"taxonomy":"post_tag","embeddable":true,"href":"https:\/\/prizrenpost.com\/tr\/wp-json\/wp\/v2\/tags?post=42557"}],"curies":[{"name":"wp","href":"https:\/\/api.w.org\/{rel}","templated":true}]}}