{"id":42572,"date":"2026-04-26T17:45:47","date_gmt":"2026-04-26T15:45:47","guid":{"rendered":"https:\/\/prizrenpost.com\/tr\/anket-britanyalilarin-yarisi-starmerin-basbakanliktan-istifa-etmesi-gerektigini-dusunuyor\/"},"modified":"2026-04-26T17:45:48","modified_gmt":"2026-04-26T15:45:48","slug":"anket-britanyalilarin-yarisi-starmerin-basbakanliktan-istifa-etmesi-gerektigini-dusunuyor","status":"publish","type":"post","link":"https:\/\/prizrenpost.com\/tr\/anket-britanyalilarin-yarisi-starmerin-basbakanliktan-istifa-etmesi-gerektigini-dusunuyor\/","title":{"rendered":"Anket: Britanyal\u0131lar\u0131n yar\u0131s\u0131 Starmer&#8217;\u0131n ba\u015fbakanl\u0131ktan istifa etmesi gerekti\u011fini d\u00fc\u015f\u00fcn\u00fcyor"},"content":{"rendered":"<p><img decoding=\"async\" src=\"https:\/\/prizrenpost.com\/tr\/wp-content\/uploads\/2026\/04\/thumbs_b_c_399a4636f18f17317f6911ed04b1f756.jpg\" style=\"width:100%;height:auto;margin-bottom:20px\"><\/p>\n<p>Anadolu&#8217;nun haberine g\u00f6re, yak\u0131n zamanda yap\u0131lan bir ankete g\u00f6re Britanyal\u0131lar\u0131n yar\u0131s\u0131 Ba\u015fbakan Keir Starmer&#8217;\u0131n istifa etmesi gerekti\u011fine inan\u0131yor.<\/p>\n<p>Ipsos taraf\u0131ndan yap\u0131lan anket, \u0130\u015f\u00e7i Partisi&#8217;nin bir sonraki genel se\u00e7imlerdeki \u015fans\u0131 hakk\u0131nda da yayg\u0131n \u015f\u00fcpheler oldu\u011funu g\u00f6steriyor.<\/p>\n<p>17-21 Nisan tarihleri aras\u0131nda 2.262 yeti\u015fkinle ger\u00e7ekle\u015ftirilen ve Londra radyo istasyonu LBC ile payla\u015f\u0131lan anket, ankete kat\u0131lanlar\u0131n y\u00fczde 50.20&#8217;sinin Starmer&#8217;\u0131n geri \u00e7ekilmesi gerekti\u011fini d\u00fc\u015f\u00fcnd\u00fc\u011f\u00fcn\u00fc ortaya \u00e7\u0131kard\u0131. Y\u00fczde 36&#8217;s\u0131 onun g\u00f6revde kalmas\u0131 gerekti\u011fini s\u00f6yl\u00fcyor.<\/p>\n<p>Ayr\u0131ca Britanyal\u0131lar\u0131n y\u00fczde 68&#8217;i, Haziran 2025&#8217;ten bu yana 5 puanl\u0131k bir art\u0131\u015fla Starmer&#8217;\u0131n bir sonraki genel se\u00e7imi kazanma ihtimalinin d\u00fc\u015f\u00fck oldu\u011funa inand\u0131\u011f\u0131n\u0131 g\u00f6sterdi.<\/p>\n<p>Ipsos, anketin, h\u00fck\u00fcm giymi\u015f cinsel su\u00e7lu Jeffrey ile ba\u011flant\u0131lar\u0131 nedeniyle incelemeyle kar\u015f\u0131 kar\u015f\u0131ya kalan eski \u0130ngiltere&#8217;nin ABD b\u00fcy\u00fckel\u00e7isi Peter Mandelson&#8217;un incelenmesi konusundaki tart\u0131\u015fman\u0131n ard\u0131ndan siyasi bask\u0131n\u0131n artt\u0131\u011f\u0131 bir d\u00f6nemde yap\u0131ld\u0131\u011f\u0131n\u0131 s\u00f6yledi. Epstein.<\/p>\n<p>Ipsos politika direkt\u00f6r\u00fc Keiran Pedley, &#8220;Keir Starmer&#8217;\u0131n gelece\u011fine ili\u015fkin spek\u00fclasyonlar artt\u0131k\u00e7a \u0130\u015f\u00e7i Partisi&#8217;nin ileriye d\u00f6n\u00fck yolu belirsizli\u011fini koruyor&#8221; dedi.<\/p>\n<p>&#8220;10 ki\u015fiden 6&#8217;s\u0131 onun hakk\u0131nda olumsuz g\u00f6r\u00fc\u015fe sahip ve yar\u0131s\u0131 onun gitmesi gerekti\u011fini d\u00fc\u015f\u00fcn\u00fcyor&#8221; diye ekledi. <\/p>\n<p>Ancak Ipsos, \u015eubat ay\u0131na k\u0131yasla Ba\u015fbakan Starmer&#8217;a verilen destekte hafif bir iyile\u015fme oldu\u011funu vurgulad\u0131; bu d\u00f6nemde y\u00fczde 52&#8217;lik bir kesim onun istifas\u0131n\u0131 destekledi.<\/p>\n<p>Anket ayn\u0131 zamanda potansiyel halefler konusunda fikir birli\u011fine var\u0131lamayaca\u011f\u0131n\u0131 ortaya koydu; parlamento \u00fcyesi olmasa da Manchester Belediye Ba\u015fkan\u0131 Andy Burnham tercih edilen alternatif olarak ortaya \u00e7\u0131kt\u0131.<\/p>\n<p>Parti pop\u00fclerlik s\u0131ralamas\u0131nda Ye\u015filler Partisi y\u00fczde 28 ile ilk s\u0131rada yer ald\u0131 ve onu y\u00fczde 27 ile Birle\u015fik Krall\u0131k Reformu izledi. Y\u00fczde 23 ile Liberal Demokratlar, y\u00fczde 22 ile Muhafazakarlar ve y\u00fczde 20 ile \u0130\u015f\u00e7i Partisi son s\u0131rada yer al\u0131yor.<\/p>\n<p>Deneyimi geli\u015ftirmek ve reklam g\u00f6r\u00fcnt\u00fclemek i\u00e7in \u00e7erezleri kullan\u0131yoruz (Google AdSense).<br \/>\n          &#8220;Kabul Et&#8221; se\u00e7ene\u011fine t\u0131klayarak \u00e7erezlerin a\u015fa\u011f\u0131daki \u015fartlara g\u00f6re kullan\u0131lmas\u0131n\u0131 kabul etmi\u015f olursunuz.<br \/>\n          Gizlilik Politikas\u0131<br \/>\n          ve<br \/>\n          \u00c7erez Politikas\u0131.<br \/>\n          &#8220;Reddet&#8221;i t\u0131klayarak gerekli olmayan \u00e7erezleri reddedebilirsiniz.<\/p>\n<hr style=\"margin:30px 0\">\n<p style=\"font-size:13px;color:#666\">Kaynak: <strong>prizrenpost<\/strong><\/p>\n","protected":false},"excerpt":{"rendered":"<p>Anadolu&#8217;nun haberine g\u00f6re, yak\u0131n zamanda yap\u0131lan bir ankete g\u00f6re Britanyal\u0131lar\u0131n yar\u0131s\u0131 Ba\u015fbakan Keir Starmer&#8217;\u0131n istifa etmesi gerekti\u011fine inan\u0131yor. Ipsos taraf\u0131ndan yap\u0131lan anket, \u0130\u015f\u00e7i Partisi&#8217;nin bir sonraki genel se\u00e7imlerdeki \u015fans\u0131 hakk\u0131nda da yayg\u0131n \u015f\u00fcpheler oldu\u011funu g\u00f6steriyor. 17-21 Nisan tarihleri aras\u0131nda 2.262 yeti\u015fkinle ger\u00e7ekle\u015ftirilen ve Londra radyo istasyonu LBC ile payla\u015f\u0131lan anket, ankete kat\u0131lanlar\u0131n y\u00fczde 50.20&#8217;sinin Starmer&#8217;\u0131n [&hellip;]<\/p>\n","protected":false},"author":1,"featured_media":42573,"comment_status":"open","ping_status":"open","sticky":false,"template":"","format":"standard","meta":{"footnotes":""},"categories":[24],"tags":[179],"class_list":["post-42572","post","type-post","status-publish","format-standard","has-post-thumbnail","hentry","category-dunya","tag-aktuel"],"views":3,"_links":{"self":[{"href":"https:\/\/prizrenpost.com\/tr\/wp-json\/wp\/v2\/posts\/42572","targetHints":{"allow":["GET"]}}],"collection":[{"href":"https:\/\/prizrenpost.com\/tr\/wp-json\/wp\/v2\/posts"}],"about":[{"href":"https:\/\/prizrenpost.com\/tr\/wp-json\/wp\/v2\/types\/post"}],"author":[{"embeddable":true,"href":"https:\/\/prizrenpost.com\/tr\/wp-json\/wp\/v2\/users\/1"}],"replies":[{"embeddable":true,"href":"https:\/\/prizrenpost.com\/tr\/wp-json\/wp\/v2\/comments?post=42572"}],"version-history":[{"count":1,"href":"https:\/\/prizrenpost.com\/tr\/wp-json\/wp\/v2\/posts\/42572\/revisions"}],"predecessor-version":[{"id":42574,"href":"https:\/\/prizrenpost.com\/tr\/wp-json\/wp\/v2\/posts\/42572\/revisions\/42574"}],"wp:featuredmedia":[{"embeddable":true,"href":"https:\/\/prizrenpost.com\/tr\/wp-json\/wp\/v2\/media\/42573"}],"wp:attachment":[{"href":"https:\/\/prizrenpost.com\/tr\/wp-json\/wp\/v2\/media?parent=42572"}],"wp:term":[{"taxonomy":"category","embeddable":true,"href":"https:\/\/prizrenpost.com\/tr\/wp-json\/wp\/v2\/categories?post=42572"},{"taxonomy":"post_tag","embeddable":true,"href":"https:\/\/prizrenpost.com\/tr\/wp-json\/wp\/v2\/tags?post=42572"}],"curies":[{"name":"wp","href":"https:\/\/api.w.org\/{rel}","templated":true}]}}