{"id":42587,"date":"2026-04-26T19:15:36","date_gmt":"2026-04-26T17:15:36","guid":{"rendered":"https:\/\/prizrenpost.com\/tr\/tisortune-kuzey-cetnikler-yazdi-polis-17-yasindaki-sirpi-zubin-potokta-tutukladi\/"},"modified":"2026-04-26T19:15:39","modified_gmt":"2026-04-26T17:15:39","slug":"tisortune-kuzey-cetnikler-yazdi-polis-17-yasindaki-sirpi-zubin-potokta-tutukladi","status":"publish","type":"post","link":"https:\/\/prizrenpost.com\/tr\/tisortune-kuzey-cetnikler-yazdi-polis-17-yasindaki-sirpi-zubin-potokta-tutukladi\/","title":{"rendered":"Ti\u015f\u00f6rt\u00fcne &#8220;KUZEY \u00c7ETN\u0130KLER&#8221; yazd\u0131, Polis 17 ya\u015f\u0131ndaki S\u0131rp&#8217;\u0131 Zubin Potok&#8217;ta tutuklad\u0131"},"content":{"rendered":"<p><img decoding=\"async\" src=\"https:\/\/prizrenpost.com\/tr\/wp-content\/uploads\/2026\/04\/IMG_8725.jpeg\" style=\"width:100%;height:auto;margin-bottom:20px\"><\/p>\n<p>Kosova polisi bu \u00f6\u011fleden sonra Zubin Potoku&#8217;dan B.M ba\u015f harflerini ta\u015f\u0131yan 17 ya\u015f\u0131ndaki gen\u00e7 bir S\u0131rp&#8217;\u0131 g\u00f6zalt\u0131na ald\u0131, &#8220;Mitropol&#8221;un verdi\u011fi bilgiye g\u00f6re. serbest b\u0131rak\u0131lacak.<\/p>\n<p>Kosova polisi, bir\u00e7o\u011fu Kosova vatanda\u015fl\u0131\u011f\u0131n\u0131 reddeden ve S\u0131rbistan&#8217;\u0131n Kosova&#8217;daki toprak iddialar\u0131n\u0131 ifade eden mesajlar ta\u015f\u0131yan ti\u015f\u00f6rtlerin \u00fczerindeki milliyet\u00e7i yaz\u0131lar nedeniyle son aylarda \u00e7ok say\u0131da ki\u015fiyi g\u00f6zalt\u0131na ald\u0131.<\/p>\n<p>&#8220;Mitropol&#8221;, Kuzey b\u00f6lgesi Kosova Polis Karakolu ile temasa ge\u00e7ti ve vakayla ilgili daha fazla ayr\u0131nt\u0131 bekliyor.\/Mitropol\/<\/p>\n<p>Tecr\u00fcbeyi iyile\u015ftirmek ve reklam g\u00f6r\u00fcnt\u00fclemek i\u00e7in \u00e7erezleri kullan\u0131yoruz. (Google AdSense).<br \/>\n          &#8220;Kabul Et&#8221; se\u00e7ene\u011fine t\u0131klayarak \u00e7erezlerin a\u015fa\u011f\u0131daki \u015fartlara g\u00f6re kullan\u0131lmas\u0131n\u0131 kabul etmi\u015f olursunuz.<br \/>\n          Gizlilik Politikas\u0131<br \/>\n          ve<br \/>\n          \u00c7erez Politikas\u0131.<br \/>\n          &#8220;Reddet&#8221;i t\u0131klayarak gerekli olmayan \u00e7erezleri reddedebilirsiniz.<\/p>\n<hr style=\"margin:30px 0\">\n<p style=\"font-size:13px;color:#666\">Kaynak: <strong>prizrenpost<\/strong><\/p>\n","protected":false},"excerpt":{"rendered":"<p>Kosova polisi bu \u00f6\u011fleden sonra Zubin Potoku&#8217;dan B.M ba\u015f harflerini ta\u015f\u0131yan 17 ya\u015f\u0131ndaki gen\u00e7 bir S\u0131rp&#8217;\u0131 g\u00f6zalt\u0131na ald\u0131, &#8220;Mitropol&#8221;un verdi\u011fi bilgiye g\u00f6re. serbest b\u0131rak\u0131lacak. Kosova polisi, bir\u00e7o\u011fu Kosova vatanda\u015fl\u0131\u011f\u0131n\u0131 reddeden ve S\u0131rbistan&#8217;\u0131n Kosova&#8217;daki toprak iddialar\u0131n\u0131 ifade eden mesajlar ta\u015f\u0131yan ti\u015f\u00f6rtlerin \u00fczerindeki milliyet\u00e7i yaz\u0131lar nedeniyle son aylarda \u00e7ok say\u0131da ki\u015fiyi g\u00f6zalt\u0131na ald\u0131. &#8220;Mitropol&#8221;, Kuzey b\u00f6lgesi Kosova [&hellip;]<\/p>\n","protected":false},"author":1,"featured_media":42588,"comment_status":"open","ping_status":"open","sticky":false,"template":"","format":"standard","meta":{"footnotes":""},"categories":[14],"tags":[179],"class_list":["post-42587","post","type-post","status-publish","format-standard","has-post-thumbnail","hentry","category-ulusal","tag-aktuel"],"views":4,"_links":{"self":[{"href":"https:\/\/prizrenpost.com\/tr\/wp-json\/wp\/v2\/posts\/42587","targetHints":{"allow":["GET"]}}],"collection":[{"href":"https:\/\/prizrenpost.com\/tr\/wp-json\/wp\/v2\/posts"}],"about":[{"href":"https:\/\/prizrenpost.com\/tr\/wp-json\/wp\/v2\/types\/post"}],"author":[{"embeddable":true,"href":"https:\/\/prizrenpost.com\/tr\/wp-json\/wp\/v2\/users\/1"}],"replies":[{"embeddable":true,"href":"https:\/\/prizrenpost.com\/tr\/wp-json\/wp\/v2\/comments?post=42587"}],"version-history":[{"count":1,"href":"https:\/\/prizrenpost.com\/tr\/wp-json\/wp\/v2\/posts\/42587\/revisions"}],"predecessor-version":[{"id":42589,"href":"https:\/\/prizrenpost.com\/tr\/wp-json\/wp\/v2\/posts\/42587\/revisions\/42589"}],"wp:featuredmedia":[{"embeddable":true,"href":"https:\/\/prizrenpost.com\/tr\/wp-json\/wp\/v2\/media\/42588"}],"wp:attachment":[{"href":"https:\/\/prizrenpost.com\/tr\/wp-json\/wp\/v2\/media?parent=42587"}],"wp:term":[{"taxonomy":"category","embeddable":true,"href":"https:\/\/prizrenpost.com\/tr\/wp-json\/wp\/v2\/categories?post=42587"},{"taxonomy":"post_tag","embeddable":true,"href":"https:\/\/prizrenpost.com\/tr\/wp-json\/wp\/v2\/tags?post=42587"}],"curies":[{"name":"wp","href":"https:\/\/api.w.org\/{rel}","templated":true}]}}