{"id":42597,"date":"2026-04-26T20:35:34","date_gmt":"2026-04-26T18:35:34","guid":{"rendered":"https:\/\/prizrenpost.com\/tr\/herzog-netanyahunun-affina-iliskin-karari-erteledi-onceden-anlasma-istiyor\/"},"modified":"2026-04-26T20:35:35","modified_gmt":"2026-04-26T18:35:35","slug":"herzog-netanyahunun-affina-iliskin-karari-erteledi-onceden-anlasma-istiyor","status":"publish","type":"post","link":"https:\/\/prizrenpost.com\/tr\/herzog-netanyahunun-affina-iliskin-karari-erteledi-onceden-anlasma-istiyor\/","title":{"rendered":"Herzog, Netanyahu&#8217;nun aff\u0131na ili\u015fkin karar\u0131 erteledi, \u00f6nceden anla\u015fma istiyor"},"content":{"rendered":"<p><img decoding=\"async\" src=\"https:\/\/prizrenpost.com\/tr\/wp-content\/uploads\/2026\/04\/herzog-netanyahu.jpg\" style=\"width:100%;height:auto;margin-bottom:20px\"><\/p>\n<p>\u0130srail Devlet Ba\u015fkan\u0131 Isaac Herzog, Ba\u015fbakan Binyamin Netanyahu&#8217;nun af talebini ancak yolsuzluk davas\u0131nda mahkeme d\u0131\u015f\u0131 \u00e7\u00f6z\u00fcme ula\u015fma \u00e7abalar\u0131 t\u00fckendikten sonra de\u011ferlendirece\u011fini s\u00f6yledi.<\/p>\n<p>Pazar g\u00fcn\u00fc yay\u0131nlanan bir a\u00e7\u0131klamada Herzog, taraflar aras\u0131nda bir anla\u015fman\u0131n en iyi \u00e7\u00f6z\u00fcm olaca\u011f\u0131n\u0131 vurgulad\u0131 ve af konusunda h\u0131zl\u0131 bir karar al\u0131nmas\u0131n\u0131n beklenmedi\u011finin sinyalini verdi.<\/p>\n<p>Netanyahu&#8217;nun yakla\u015f\u0131k on y\u0131l \u00f6ncesine yay\u0131lan hukuki sorunlar\u0131, \u0130srail toplumunu kutupla\u015ft\u0131rd\u0131 ve \u00fclke siyasetini etkileyerek 2019 ile 2022 y\u0131llar\u0131 aras\u0131nda art arda \u00e7ok say\u0131da se\u00e7im yap\u0131lmas\u0131na yol a\u00e7t\u0131. Bir sonraki se\u00e7imin Ekim 2026 sonunda yap\u0131lmas\u0131 bekleniyor.<\/p>\n<p>Netanyahu r\u00fc\u015fvet, doland\u0131r\u0131c\u0131l\u0131k ve g\u00f6revi k\u00f6t\u00fcye kullanma iddialar\u0131n\u0131 reddetti. Kendisi, \u0130srail&#8217;in cezai su\u00e7lamalarla kar\u015f\u0131 kar\u015f\u0131ya kalan ilk ba\u015fbakan\u0131 ve 2020&#8217;de ba\u015flayan duru\u015fma devam ederken bu hafta mahkemeye \u00e7\u0131kmas\u0131 bekleniyor. Bu arada ABD Ba\u015fkan\u0131 Donald Trump, Herzog&#8217;a Netanyahu&#8217;yu affetmesi y\u00f6n\u00fcnde \u00e7e\u015fitli \u00e7a\u011fr\u0131larda bulunarak onu karara varmada gecikmeler nedeniyle ele\u015ftirdi. \/message<\/p>\n<p>Tecr\u00fcbeyi geli\u015ftirmek ve reklamlar\u0131 g\u00f6r\u00fcnt\u00fclemek i\u00e7in \u00e7erezleri kullan\u0131r\u0131z (Google AdSense).<br \/>\n          &#8220;Kabul Et&#8221; se\u00e7ene\u011fine t\u0131klayarak \u00e7erezlerin a\u015fa\u011f\u0131daki \u015fartlara g\u00f6re kullan\u0131lmas\u0131n\u0131 kabul etmi\u015f olursunuz.<br \/>\n          Gizlilik Politikas\u0131<br \/>\n          ve<br \/>\n          \u00c7erez Politikas\u0131.<br \/>\n          &#8220;Reddet&#8221;i t\u0131klayarak gerekli olmayan \u00e7erezleri reddedebilirsiniz.<\/p>\n<hr style=\"margin:30px 0\">\n<p style=\"font-size:13px;color:#666\">Kaynak: <strong>prizrenpost<\/strong><\/p>\n","protected":false},"excerpt":{"rendered":"<p>\u0130srail Devlet Ba\u015fkan\u0131 Isaac Herzog, Ba\u015fbakan Binyamin Netanyahu&#8217;nun af talebini ancak yolsuzluk davas\u0131nda mahkeme d\u0131\u015f\u0131 \u00e7\u00f6z\u00fcme ula\u015fma \u00e7abalar\u0131 t\u00fckendikten sonra de\u011ferlendirece\u011fini s\u00f6yledi. Pazar g\u00fcn\u00fc yay\u0131nlanan bir a\u00e7\u0131klamada Herzog, taraflar aras\u0131nda bir anla\u015fman\u0131n en iyi \u00e7\u00f6z\u00fcm olaca\u011f\u0131n\u0131 vurgulad\u0131 ve af konusunda h\u0131zl\u0131 bir karar al\u0131nmas\u0131n\u0131n beklenmedi\u011finin sinyalini verdi. Netanyahu&#8217;nun yakla\u015f\u0131k on y\u0131l \u00f6ncesine yay\u0131lan hukuki sorunlar\u0131, [&hellip;]<\/p>\n","protected":false},"author":1,"featured_media":42598,"comment_status":"open","ping_status":"open","sticky":false,"template":"","format":"standard","meta":{"footnotes":""},"categories":[24],"tags":[179],"class_list":["post-42597","post","type-post","status-publish","format-standard","has-post-thumbnail","hentry","category-dunya","tag-aktuel"],"views":5,"_links":{"self":[{"href":"https:\/\/prizrenpost.com\/tr\/wp-json\/wp\/v2\/posts\/42597","targetHints":{"allow":["GET"]}}],"collection":[{"href":"https:\/\/prizrenpost.com\/tr\/wp-json\/wp\/v2\/posts"}],"about":[{"href":"https:\/\/prizrenpost.com\/tr\/wp-json\/wp\/v2\/types\/post"}],"author":[{"embeddable":true,"href":"https:\/\/prizrenpost.com\/tr\/wp-json\/wp\/v2\/users\/1"}],"replies":[{"embeddable":true,"href":"https:\/\/prizrenpost.com\/tr\/wp-json\/wp\/v2\/comments?post=42597"}],"version-history":[{"count":1,"href":"https:\/\/prizrenpost.com\/tr\/wp-json\/wp\/v2\/posts\/42597\/revisions"}],"predecessor-version":[{"id":42599,"href":"https:\/\/prizrenpost.com\/tr\/wp-json\/wp\/v2\/posts\/42597\/revisions\/42599"}],"wp:featuredmedia":[{"embeddable":true,"href":"https:\/\/prizrenpost.com\/tr\/wp-json\/wp\/v2\/media\/42598"}],"wp:attachment":[{"href":"https:\/\/prizrenpost.com\/tr\/wp-json\/wp\/v2\/media?parent=42597"}],"wp:term":[{"taxonomy":"category","embeddable":true,"href":"https:\/\/prizrenpost.com\/tr\/wp-json\/wp\/v2\/categories?post=42597"},{"taxonomy":"post_tag","embeddable":true,"href":"https:\/\/prizrenpost.com\/tr\/wp-json\/wp\/v2\/tags?post=42597"}],"curies":[{"name":"wp","href":"https:\/\/api.w.org\/{rel}","templated":true}]}}