{"id":42600,"date":"2026-04-26T20:40:16","date_gmt":"2026-04-26T18:40:16","guid":{"rendered":"https:\/\/prizrenpost.com\/tr\/kuzeyde-elektrik-fiyati-daha-ucuz-diger-vatandaslar-daha-fazla-oduyor-ve-isletme-masraflarini-da-karsiliyor\/"},"modified":"2026-04-26T20:40:19","modified_gmt":"2026-04-26T18:40:19","slug":"kuzeyde-elektrik-fiyati-daha-ucuz-diger-vatandaslar-daha-fazla-oduyor-ve-isletme-masraflarini-da-karsiliyor","status":"publish","type":"post","link":"https:\/\/prizrenpost.com\/tr\/kuzeyde-elektrik-fiyati-daha-ucuz-diger-vatandaslar-daha-fazla-oduyor-ve-isletme-masraflarini-da-karsiliyor\/","title":{"rendered":"Kuzeyde elektrik fiyat\u0131 daha ucuz, di\u011fer vatanda\u015flar daha fazla \u00f6d\u00fcyor ve i\u015fletme masraflar\u0131n\u0131 da kar\u015f\u0131l\u0131yor"},"content":{"rendered":"<p><img decoding=\"async\" src=\"https:\/\/prizrenpost.com\/tr\/wp-content\/uploads\/2026\/04\/IMG_7101.jpeg\" style=\"width:100%;height:auto;margin-bottom:20px\"><\/p>\n<p>Milletvekili Janina Ymeri, vatanda\u015flara elektrik fiyat\u0131 konusunda e\u015fitsiz davran\u0131ld\u0131\u011f\u0131n\u0131 iddia ederek Kosova h\u00fck\u00fcmetine sert ele\u015ftirilerde bulundu.<\/p>\n<p>Ona g\u00f6re, enerjinin &#8220;Elektroseveri&#8221; taraf\u0131ndan sa\u011fland\u0131\u011f\u0131 \u00fclkenin kuzey belediyelerinde elektrik tarifeleri, vatanda\u015flar\u0131n \u00e7o\u011funlu\u011funun ya\u015fad\u0131\u011f\u0131 Kosova&#8217;n\u0131n geri kalan\u0131na g\u00f6re y\u00fczde 18,3&#8217;e kadar daha d\u00fc\u015f\u00fck.<\/p>\n<p>Ymeri, bu durumun g\u00f6zle g\u00f6r\u00fcl\u00fcr bir fark yaratt\u0131\u011f\u0131n\u0131 vurgulad\u0131. Ayl\u0131k enerji faturalar\u0131ndaki e\u015fitsizlik, \u00fclkenin di\u011fer b\u00f6lgelerindeki vatanda\u015flar\u0131n ayn\u0131 hizmet i\u00e7in daha fazla para \u00f6dedi\u011fini de s\u00f6zlerine ekledi.<\/p>\n<p>Daha da ileri giderek, Kosova&#8217;n\u0131n di\u011fer b\u00f6lgelerindeki t\u00fcketicilerin de KEDS&#8217;in kuzey b\u00f6lgelerindeki i\u015fletme giderlerini kar\u015f\u0131lad\u0131\u011f\u0131n\u0131 iddia ederek, bunu vergi m\u00fckelleflerine yap\u0131lan bir adaletsizlik olarak nitelendirdi.<\/p>\n<p>A\u00e7\u0131klamalar\u0131, elektrik arz\u0131 ve tarifeler konusunun en \u00e7ok tart\u0131\u015f\u0131lan konulardan biri olmaya devam etti\u011fi bir d\u00f6nemde geldi. \u00fclkeye duyarl\u0131d\u0131r.<\/p>\n<p>Tecr\u00fcbeyi geli\u015ftirmek ve reklamlar\u0131 g\u00f6r\u00fcnt\u00fclemek i\u00e7in \u00e7erezleri kullan\u0131r\u0131z (Google AdSense).<br \/>\n          &#8220;Kabul Et&#8221; se\u00e7ene\u011fine t\u0131klayarak \u00e7erezlerin a\u015fa\u011f\u0131daki \u015fartlara g\u00f6re kullan\u0131lmas\u0131n\u0131 kabul etmi\u015f olursunuz.<br \/>\n          Gizlilik Politikas\u0131<br \/>\n          ve<br \/>\n          \u00c7erez Politikas\u0131.<br \/>\n          &#8220;Reddet&#8221;i t\u0131klayarak gerekli olmayan \u00e7erezleri reddedebilirsiniz.<\/p>\n<hr style=\"margin:30px 0\">\n<p style=\"font-size:13px;color:#666\">Kaynak: <strong>prizrenpost<\/strong><\/p>\n","protected":false},"excerpt":{"rendered":"<p>Milletvekili Janina Ymeri, vatanda\u015flara elektrik fiyat\u0131 konusunda e\u015fitsiz davran\u0131ld\u0131\u011f\u0131n\u0131 iddia ederek Kosova h\u00fck\u00fcmetine sert ele\u015ftirilerde bulundu. Ona g\u00f6re, enerjinin &#8220;Elektroseveri&#8221; taraf\u0131ndan sa\u011fland\u0131\u011f\u0131 \u00fclkenin kuzey belediyelerinde elektrik tarifeleri, vatanda\u015flar\u0131n \u00e7o\u011funlu\u011funun ya\u015fad\u0131\u011f\u0131 Kosova&#8217;n\u0131n geri kalan\u0131na g\u00f6re y\u00fczde 18,3&#8217;e kadar daha d\u00fc\u015f\u00fck. Ymeri, bu durumun g\u00f6zle g\u00f6r\u00fcl\u00fcr bir fark yaratt\u0131\u011f\u0131n\u0131 vurgulad\u0131. Ayl\u0131k enerji faturalar\u0131ndaki e\u015fitsizlik, \u00fclkenin di\u011fer b\u00f6lgelerindeki [&hellip;]<\/p>\n","protected":false},"author":1,"featured_media":42601,"comment_status":"open","ping_status":"open","sticky":false,"template":"","format":"standard","meta":{"footnotes":""},"categories":[14],"tags":[179],"class_list":["post-42600","post","type-post","status-publish","format-standard","has-post-thumbnail","hentry","category-ulusal","tag-aktuel"],"views":4,"_links":{"self":[{"href":"https:\/\/prizrenpost.com\/tr\/wp-json\/wp\/v2\/posts\/42600","targetHints":{"allow":["GET"]}}],"collection":[{"href":"https:\/\/prizrenpost.com\/tr\/wp-json\/wp\/v2\/posts"}],"about":[{"href":"https:\/\/prizrenpost.com\/tr\/wp-json\/wp\/v2\/types\/post"}],"author":[{"embeddable":true,"href":"https:\/\/prizrenpost.com\/tr\/wp-json\/wp\/v2\/users\/1"}],"replies":[{"embeddable":true,"href":"https:\/\/prizrenpost.com\/tr\/wp-json\/wp\/v2\/comments?post=42600"}],"version-history":[{"count":1,"href":"https:\/\/prizrenpost.com\/tr\/wp-json\/wp\/v2\/posts\/42600\/revisions"}],"predecessor-version":[{"id":42602,"href":"https:\/\/prizrenpost.com\/tr\/wp-json\/wp\/v2\/posts\/42600\/revisions\/42602"}],"wp:featuredmedia":[{"embeddable":true,"href":"https:\/\/prizrenpost.com\/tr\/wp-json\/wp\/v2\/media\/42601"}],"wp:attachment":[{"href":"https:\/\/prizrenpost.com\/tr\/wp-json\/wp\/v2\/media?parent=42600"}],"wp:term":[{"taxonomy":"category","embeddable":true,"href":"https:\/\/prizrenpost.com\/tr\/wp-json\/wp\/v2\/categories?post=42600"},{"taxonomy":"post_tag","embeddable":true,"href":"https:\/\/prizrenpost.com\/tr\/wp-json\/wp\/v2\/tags?post=42600"}],"curies":[{"name":"wp","href":"https:\/\/api.w.org\/{rel}","templated":true}]}}