{"id":42609,"date":"2026-04-26T22:45:46","date_gmt":"2026-04-26T20:45:46","guid":{"rendered":"https:\/\/prizrenpost.com\/tr\/erdogan-trump-ile-telefon-gorusmesinde-beyaz-saray-yemegindeki-saldiriyi-nefret-dolu-bir-eylem-olarak-nitelendirdi\/"},"modified":"2026-04-26T22:45:47","modified_gmt":"2026-04-26T20:45:47","slug":"erdogan-trump-ile-telefon-gorusmesinde-beyaz-saray-yemegindeki-saldiriyi-nefret-dolu-bir-eylem-olarak-nitelendirdi","status":"publish","type":"post","link":"https:\/\/prizrenpost.com\/tr\/erdogan-trump-ile-telefon-gorusmesinde-beyaz-saray-yemegindeki-saldiriyi-nefret-dolu-bir-eylem-olarak-nitelendirdi\/","title":{"rendered":"Erdo\u011fan, Trump ile telefon g\u00f6r\u00fc\u015fmesinde, Beyaz Saray yeme\u011findeki sald\u0131r\u0131y\u0131 &#8220;nefret dolu bir eylem&#8221; olarak nitelendirdi"},"content":{"rendered":"<p><img decoding=\"async\" src=\"https:\/\/prizrenpost.com\/tr\/wp-content\/uploads\/2026\/04\/thumbs_b_c_dab7e33c0729092453704c2456a5f7b7.jpg\" style=\"width:100%;height:auto;margin-bottom:20px\"><\/p>\n<p>Anadolu&#8217;nun haberine g\u00f6re, T\u00fcrkiye Cumhurba\u015fkan\u0131 Recep Tayyip Erdo\u011fan, ABD Ba\u015fkan\u0131 Donald Trump ile telefon g\u00f6r\u00fc\u015fmesi yapt\u0131.<\/p>\n<p>\u0130leti\u015fim Ba\u015fkanl\u0131\u011f\u0131&#8217;n\u0131n Amerikan sosyal a\u011f\u0131 X&#8217;te yapt\u0131\u011f\u0131 payla\u015f\u0131mda, Trump ile yapt\u0131\u011f\u0131 g\u00f6r\u00fc\u015fmede Erdo\u011fan, Beyaz Saray muhabirlerinin Washington&#8217;daki yeme\u011finde ya\u015fanan silahl\u0131 sald\u0131r\u0131 olay\u0131ndan duydu\u011fu endi\u015feyi dile getirdi.<\/p>\n<p>T\u00fcrkiye Cumhurba\u015fkan\u0131 olay\u0131 &#8220;demokrasiye ve bas\u0131n \u00f6zg\u00fcrl\u00fc\u011f\u00fcne kar\u015f\u0131 menfur bir eylem&#8221; olarak nitelendirdi ve acil \u015fifalar diledi. olayda g\u00fcvenlik g\u00f6revlisi yaraland\u0131.<\/p>\n<p>Tecr\u00fcbeyi geli\u015ftirmek ve reklam g\u00f6r\u00fcnt\u00fclemek (Google AdSense) i\u00e7in \u00e7erezleri kullan\u0131yoruz.<br \/>\n          &#8220;Kabul Et&#8221; se\u00e7ene\u011fine t\u0131klayarak \u00e7erezlerin a\u015fa\u011f\u0131daki \u015fartlara g\u00f6re kullan\u0131lmas\u0131n\u0131 kabul etmi\u015f olursunuz.<br \/>\n          Gizlilik Politikas\u0131<br \/>\n          ve<br \/>\n          \u00c7erez Politikas\u0131.<br \/>\n          &#8220;Reddet&#8221;i t\u0131klayarak gerekli olmayan \u00e7erezleri reddedebilirsiniz.<\/p>\n<hr style=\"margin:30px 0\">\n<p style=\"font-size:13px;color:#666\">Kaynak: <strong>prizrenpost<\/strong><\/p>\n","protected":false},"excerpt":{"rendered":"<p>Anadolu&#8217;nun haberine g\u00f6re, T\u00fcrkiye Cumhurba\u015fkan\u0131 Recep Tayyip Erdo\u011fan, ABD Ba\u015fkan\u0131 Donald Trump ile telefon g\u00f6r\u00fc\u015fmesi yapt\u0131. \u0130leti\u015fim Ba\u015fkanl\u0131\u011f\u0131&#8217;n\u0131n Amerikan sosyal a\u011f\u0131 X&#8217;te yapt\u0131\u011f\u0131 payla\u015f\u0131mda, Trump ile yapt\u0131\u011f\u0131 g\u00f6r\u00fc\u015fmede Erdo\u011fan, Beyaz Saray muhabirlerinin Washington&#8217;daki yeme\u011finde ya\u015fanan silahl\u0131 sald\u0131r\u0131 olay\u0131ndan duydu\u011fu endi\u015feyi dile getirdi. T\u00fcrkiye Cumhurba\u015fkan\u0131 olay\u0131 &#8220;demokrasiye ve bas\u0131n \u00f6zg\u00fcrl\u00fc\u011f\u00fcne kar\u015f\u0131 menfur bir eylem&#8221; olarak nitelendirdi [&hellip;]<\/p>\n","protected":false},"author":1,"featured_media":42610,"comment_status":"open","ping_status":"open","sticky":false,"template":"","format":"standard","meta":{"footnotes":""},"categories":[24],"tags":[179],"class_list":["post-42609","post","type-post","status-publish","format-standard","has-post-thumbnail","hentry","category-dunya","tag-aktuel"],"views":4,"_links":{"self":[{"href":"https:\/\/prizrenpost.com\/tr\/wp-json\/wp\/v2\/posts\/42609","targetHints":{"allow":["GET"]}}],"collection":[{"href":"https:\/\/prizrenpost.com\/tr\/wp-json\/wp\/v2\/posts"}],"about":[{"href":"https:\/\/prizrenpost.com\/tr\/wp-json\/wp\/v2\/types\/post"}],"author":[{"embeddable":true,"href":"https:\/\/prizrenpost.com\/tr\/wp-json\/wp\/v2\/users\/1"}],"replies":[{"embeddable":true,"href":"https:\/\/prizrenpost.com\/tr\/wp-json\/wp\/v2\/comments?post=42609"}],"version-history":[{"count":1,"href":"https:\/\/prizrenpost.com\/tr\/wp-json\/wp\/v2\/posts\/42609\/revisions"}],"predecessor-version":[{"id":42611,"href":"https:\/\/prizrenpost.com\/tr\/wp-json\/wp\/v2\/posts\/42609\/revisions\/42611"}],"wp:featuredmedia":[{"embeddable":true,"href":"https:\/\/prizrenpost.com\/tr\/wp-json\/wp\/v2\/media\/42610"}],"wp:attachment":[{"href":"https:\/\/prizrenpost.com\/tr\/wp-json\/wp\/v2\/media?parent=42609"}],"wp:term":[{"taxonomy":"category","embeddable":true,"href":"https:\/\/prizrenpost.com\/tr\/wp-json\/wp\/v2\/categories?post=42609"},{"taxonomy":"post_tag","embeddable":true,"href":"https:\/\/prizrenpost.com\/tr\/wp-json\/wp\/v2\/tags?post=42609"}],"curies":[{"name":"wp","href":"https:\/\/api.w.org\/{rel}","templated":true}]}}