{"id":42612,"date":"2026-04-26T22:45:50","date_gmt":"2026-04-26T20:45:50","guid":{"rendered":"https:\/\/prizrenpost.com\/tr\/araghchi-abd-israil-savasiyla-ilgili-gorusmek-uzere-rusyaya-gitti\/"},"modified":"2026-04-26T22:45:51","modified_gmt":"2026-04-26T20:45:51","slug":"araghchi-abd-israil-savasiyla-ilgili-gorusmek-uzere-rusyaya-gitti","status":"publish","type":"post","link":"https:\/\/prizrenpost.com\/tr\/araghchi-abd-israil-savasiyla-ilgili-gorusmek-uzere-rusyaya-gitti\/","title":{"rendered":"Araghchi, ABD-\u0130srail sava\u015f\u0131yla ilgili g\u00f6r\u00fc\u015fmek \u00fczere Rusya&#8217;ya gitti"},"content":{"rendered":"<p><img decoding=\"async\" src=\"https:\/\/prizrenpost.com\/tr\/wp-content\/uploads\/2026\/04\/aragh-1.jpg\" style=\"width:100%;height:auto;margin-bottom:20px\"><\/p>\n<p>\u0130ran D\u0131\u015fi\u015fleri Bakanl\u0131\u011f\u0131, D\u0131\u015fi\u015fleri Bakan\u0131 Abbas Araghchi&#8217;nin Rusya&#8217;ya resmi bir ziyaret i\u00e7in Pakistan&#8217;dan ayr\u0131ld\u0131\u011f\u0131n\u0131 do\u011frulad\u0131.<\/p>\n<p>Duyuruya g\u00f6re, bu ziyaret s\u0131ras\u0131nda \u0130ran-Rusya ikili ili\u015fkilerinin yan\u0131 s\u0131ra ABD ile \u0130srail aras\u0131ndaki sava\u015f da dahil olmak \u00fczere b\u00f6lgesel ve uluslararas\u0131 geli\u015fmeleri g\u00f6r\u00fc\u015fmek \u00fczere Rusya Federasyonu&#8217;nun \u00fcst d\u00fczey yetkilileriyle bir araya gelecek.<\/p>\n<p>Araghchi, diplomatik \u00e7abalar\u0131n bir par\u00e7as\u0131 olarak Pakistan&#8217;\u0131 iki g\u00fcnde iki kez ziyaret etmi\u015fti.<\/p>\n<p>Bu arada, \u0130ran ile do\u011frudan g\u00f6r\u00fc\u015fmeler yapmay\u0131 umuyor ABD Ba\u015fkan\u0131 Donald Trump&#8217;\u0131n, el\u00e7ilerinin \u0130slamabad ziyaretini iptal etmesi ve temaslar\u0131n telefon \u00fczerinden ger\u00e7ekle\u015febilece\u011fi ihtimalini a\u00e7\u0131k b\u0131rakmas\u0131n\u0131n ard\u0131ndan ABD&#8217;li yetkililerin sesi azald\u0131. \/message<\/p>\n<p>Tecr\u00fcbeyi geli\u015ftirmek ve reklamlar\u0131 g\u00f6r\u00fcnt\u00fclemek i\u00e7in \u00e7erezleri kullan\u0131r\u0131z (Google AdSense).<br \/>\n          &#8220;Kabul Et&#8221; se\u00e7ene\u011fine t\u0131klayarak \u00e7erezlerin a\u015fa\u011f\u0131daki \u015fartlara g\u00f6re kullan\u0131lmas\u0131n\u0131 kabul etmi\u015f olursunuz.<br \/>\n          Gizlilik Politikas\u0131<br \/>\n          ve<br \/>\n          \u00c7erez Politikas\u0131.<br \/>\n          &#8220;Reddet&#8221;i t\u0131klayarak gerekli olmayan \u00e7erezleri reddedebilirsiniz.<\/p>\n<hr style=\"margin:30px 0\">\n<p style=\"font-size:13px;color:#666\">Kaynak: <strong>prizrenpost<\/strong><\/p>\n","protected":false},"excerpt":{"rendered":"<p>\u0130ran D\u0131\u015fi\u015fleri Bakanl\u0131\u011f\u0131, D\u0131\u015fi\u015fleri Bakan\u0131 Abbas Araghchi&#8217;nin Rusya&#8217;ya resmi bir ziyaret i\u00e7in Pakistan&#8217;dan ayr\u0131ld\u0131\u011f\u0131n\u0131 do\u011frulad\u0131. Duyuruya g\u00f6re, bu ziyaret s\u0131ras\u0131nda \u0130ran-Rusya ikili ili\u015fkilerinin yan\u0131 s\u0131ra ABD ile \u0130srail aras\u0131ndaki sava\u015f da dahil olmak \u00fczere b\u00f6lgesel ve uluslararas\u0131 geli\u015fmeleri g\u00f6r\u00fc\u015fmek \u00fczere Rusya Federasyonu&#8217;nun \u00fcst d\u00fczey yetkilileriyle bir araya gelecek. Araghchi, diplomatik \u00e7abalar\u0131n bir par\u00e7as\u0131 olarak Pakistan&#8217;\u0131 [&hellip;]<\/p>\n","protected":false},"author":1,"featured_media":42613,"comment_status":"open","ping_status":"open","sticky":false,"template":"","format":"standard","meta":{"footnotes":""},"categories":[24],"tags":[179],"class_list":["post-42612","post","type-post","status-publish","format-standard","has-post-thumbnail","hentry","category-dunya","tag-aktuel"],"views":4,"_links":{"self":[{"href":"https:\/\/prizrenpost.com\/tr\/wp-json\/wp\/v2\/posts\/42612","targetHints":{"allow":["GET"]}}],"collection":[{"href":"https:\/\/prizrenpost.com\/tr\/wp-json\/wp\/v2\/posts"}],"about":[{"href":"https:\/\/prizrenpost.com\/tr\/wp-json\/wp\/v2\/types\/post"}],"author":[{"embeddable":true,"href":"https:\/\/prizrenpost.com\/tr\/wp-json\/wp\/v2\/users\/1"}],"replies":[{"embeddable":true,"href":"https:\/\/prizrenpost.com\/tr\/wp-json\/wp\/v2\/comments?post=42612"}],"version-history":[{"count":1,"href":"https:\/\/prizrenpost.com\/tr\/wp-json\/wp\/v2\/posts\/42612\/revisions"}],"predecessor-version":[{"id":42614,"href":"https:\/\/prizrenpost.com\/tr\/wp-json\/wp\/v2\/posts\/42612\/revisions\/42614"}],"wp:featuredmedia":[{"embeddable":true,"href":"https:\/\/prizrenpost.com\/tr\/wp-json\/wp\/v2\/media\/42613"}],"wp:attachment":[{"href":"https:\/\/prizrenpost.com\/tr\/wp-json\/wp\/v2\/media?parent=42612"}],"wp:term":[{"taxonomy":"category","embeddable":true,"href":"https:\/\/prizrenpost.com\/tr\/wp-json\/wp\/v2\/categories?post=42612"},{"taxonomy":"post_tag","embeddable":true,"href":"https:\/\/prizrenpost.com\/tr\/wp-json\/wp\/v2\/tags?post=42612"}],"curies":[{"name":"wp","href":"https:\/\/api.w.org\/{rel}","templated":true}]}}