{"id":42615,"date":"2026-04-26T22:45:52","date_gmt":"2026-04-26T20:45:52","guid":{"rendered":"https:\/\/prizrenpost.com\/tr\/urdun-krali-abd-iran-anlasmasi-arap-ulkelerinin-guvenligini-garanti-altina-almali\/"},"modified":"2026-04-26T22:45:53","modified_gmt":"2026-04-26T20:45:53","slug":"urdun-krali-abd-iran-anlasmasi-arap-ulkelerinin-guvenligini-garanti-altina-almali","status":"publish","type":"post","link":"https:\/\/prizrenpost.com\/tr\/urdun-krali-abd-iran-anlasmasi-arap-ulkelerinin-guvenligini-garanti-altina-almali\/","title":{"rendered":"\u00dcrd\u00fcn Kral\u0131: ABD-\u0130ran anla\u015fmas\u0131 Arap \u00fclkelerinin g\u00fcvenli\u011fini garanti alt\u0131na almal\u0131"},"content":{"rendered":"<p><img decoding=\"async\" src=\"https:\/\/prizrenpost.com\/tr\/wp-content\/uploads\/2026\/04\/Mbreti-Abdullah-II-i-Jordanise.jpg\" style=\"width:100%;height:auto;margin-bottom:20px\"><\/p>\n<p>\u00dcrd\u00fcn Kral\u0131 II. Abdullah, ABD ile \u0130ran aras\u0131nda olas\u0131 bir anla\u015fman\u0131n Arap \u00fclkelerinin g\u00fcvenli\u011fini garanti alt\u0131na almas\u0131 gerekti\u011fini belirtti.<\/p>\n<p>Kuveyt D\u0131\u015fi\u015fleri Bakan\u0131 Jarrah Cabir el-Ahmed el-Sabah ile yapt\u0131\u011f\u0131 g\u00f6r\u00fc\u015fmede, iki \u00fclke aras\u0131ndaki g\u00fc\u00e7l\u00fc ili\u015fkilerin yan\u0131 s\u0131ra \u00e7e\u015fitli alanlarda i\u015f birli\u011fini geni\u015fletmenin ve b\u00f6lgedeki gerilimi azaltmak i\u00e7in ortak Arap eylemini g\u00fc\u00e7lendirmenin yollar\u0131n\u0131 tart\u0131\u015ft\u0131.<\/p>\n<p>Kraliyet saray\u0131ndan yap\u0131lan a\u00e7\u0131klamaya g\u00f6re, kral, K\u00f6rfez b\u00f6lgenin ve d\u00fcnyan\u0131n istikrar\u0131 i\u00e7in \u015fartt\u0131r. \/message<\/p>\n<p>Tecr\u00fcbeyi geli\u015ftirmek ve reklamlar\u0131 g\u00f6r\u00fcnt\u00fclemek i\u00e7in \u00e7erezleri kullan\u0131r\u0131z (Google AdSense).<br \/>\n          &#8220;Kabul Et&#8221; se\u00e7ene\u011fine t\u0131klayarak \u00e7erezlerin a\u015fa\u011f\u0131daki \u015fartlara g\u00f6re kullan\u0131lmas\u0131n\u0131 kabul etmi\u015f olursunuz.<br \/>\n          Gizlilik Politikas\u0131<br \/>\n          ve<br \/>\n          \u00c7erez Politikas\u0131.<br \/>\n          &#8220;Reddet&#8221;i t\u0131klayarak gerekli olmayan \u00e7erezleri reddedebilirsiniz.<\/p>\n<hr style=\"margin:30px 0\">\n<p style=\"font-size:13px;color:#666\">Kaynak: <strong>prizrenpost<\/strong><\/p>\n","protected":false},"excerpt":{"rendered":"<p>\u00dcrd\u00fcn Kral\u0131 II. Abdullah, ABD ile \u0130ran aras\u0131nda olas\u0131 bir anla\u015fman\u0131n Arap \u00fclkelerinin g\u00fcvenli\u011fini garanti alt\u0131na almas\u0131 gerekti\u011fini belirtti. Kuveyt D\u0131\u015fi\u015fleri Bakan\u0131 Jarrah Cabir el-Ahmed el-Sabah ile yapt\u0131\u011f\u0131 g\u00f6r\u00fc\u015fmede, iki \u00fclke aras\u0131ndaki g\u00fc\u00e7l\u00fc ili\u015fkilerin yan\u0131 s\u0131ra \u00e7e\u015fitli alanlarda i\u015f birli\u011fini geni\u015fletmenin ve b\u00f6lgedeki gerilimi azaltmak i\u00e7in ortak Arap eylemini g\u00fc\u00e7lendirmenin yollar\u0131n\u0131 tart\u0131\u015ft\u0131. Kraliyet saray\u0131ndan yap\u0131lan [&hellip;]<\/p>\n","protected":false},"author":1,"featured_media":42616,"comment_status":"open","ping_status":"open","sticky":false,"template":"","format":"standard","meta":{"footnotes":""},"categories":[24],"tags":[179],"class_list":["post-42615","post","type-post","status-publish","format-standard","has-post-thumbnail","hentry","category-dunya","tag-aktuel"],"views":3,"_links":{"self":[{"href":"https:\/\/prizrenpost.com\/tr\/wp-json\/wp\/v2\/posts\/42615","targetHints":{"allow":["GET"]}}],"collection":[{"href":"https:\/\/prizrenpost.com\/tr\/wp-json\/wp\/v2\/posts"}],"about":[{"href":"https:\/\/prizrenpost.com\/tr\/wp-json\/wp\/v2\/types\/post"}],"author":[{"embeddable":true,"href":"https:\/\/prizrenpost.com\/tr\/wp-json\/wp\/v2\/users\/1"}],"replies":[{"embeddable":true,"href":"https:\/\/prizrenpost.com\/tr\/wp-json\/wp\/v2\/comments?post=42615"}],"version-history":[{"count":1,"href":"https:\/\/prizrenpost.com\/tr\/wp-json\/wp\/v2\/posts\/42615\/revisions"}],"predecessor-version":[{"id":42617,"href":"https:\/\/prizrenpost.com\/tr\/wp-json\/wp\/v2\/posts\/42615\/revisions\/42617"}],"wp:featuredmedia":[{"embeddable":true,"href":"https:\/\/prizrenpost.com\/tr\/wp-json\/wp\/v2\/media\/42616"}],"wp:attachment":[{"href":"https:\/\/prizrenpost.com\/tr\/wp-json\/wp\/v2\/media?parent=42615"}],"wp:term":[{"taxonomy":"category","embeddable":true,"href":"https:\/\/prizrenpost.com\/tr\/wp-json\/wp\/v2\/categories?post=42615"},{"taxonomy":"post_tag","embeddable":true,"href":"https:\/\/prizrenpost.com\/tr\/wp-json\/wp\/v2\/tags?post=42615"}],"curies":[{"name":"wp","href":"https:\/\/api.w.org\/{rel}","templated":true}]}}