{"id":42621,"date":"2026-04-26T22:46:00","date_gmt":"2026-04-26T20:46:00","guid":{"rendered":"https:\/\/prizrenpost.com\/tr\/guney-lubnan-sakinleri-israilden-gelen-yeni-tahliye-emri-sonrasinda-bolgeyi-terk-ediyor\/"},"modified":"2026-04-26T22:46:01","modified_gmt":"2026-04-26T20:46:01","slug":"guney-lubnan-sakinleri-israilden-gelen-yeni-tahliye-emri-sonrasinda-bolgeyi-terk-ediyor","status":"publish","type":"post","link":"https:\/\/prizrenpost.com\/tr\/guney-lubnan-sakinleri-israilden-gelen-yeni-tahliye-emri-sonrasinda-bolgeyi-terk-ediyor\/","title":{"rendered":"G\u00fcney L\u00fcbnan sakinleri \u0130srail&#8217;den gelen yeni tahliye emri sonras\u0131nda b\u00f6lgeyi terk ediyor"},"content":{"rendered":"<p><img decoding=\"async\" src=\"https:\/\/prizrenpost.com\/tr\/wp-content\/uploads\/2026\/04\/afp_69ee509e0ae0-1777225886.jpg\" style=\"width:100%;height:auto;margin-bottom:20px\"><\/p>\n<p>\u0130srail ordusunun b\u00f6lgedeki hava sald\u0131r\u0131lar\u0131 yo\u011funla\u015f\u0131rken yeni bir tahliye emri yay\u0131nlamas\u0131n\u0131n ard\u0131ndan g\u00fcney L\u00fcbnan&#8217;da ya\u015fayanlar evlerini tekrar terk etmek zorunda kald\u0131.<\/p>\n<p>Yerel bir lidere g\u00f6re, bir\u00e7ok sakinin ate\u015fkes s\u0131ras\u0131nda evlerini ve i\u015fyerlerini onarmak i\u00e7in geri d\u00f6nmesi nedeniyle sabah itibar\u0131yla k\u00f6y\u00fcn n\u00fcfusu yakla\u015f\u0131k y\u00fczde 75&#8217;ti. Ancak son uyar\u0131n\u0131n ard\u0131ndan aceleyle ayr\u0131ld\u0131lar ve sadece temel ihtiya\u00e7lar\u0131 yanlar\u0131na ald\u0131lar.<\/p>\n<p>\u00c7ok say\u0131da insan ayn\u0131 anda ayr\u0131lmaya \u00e7al\u0131\u015ft\u0131\u011f\u0131ndan, \u00e7o\u011fu b\u00f6lgedeki ana kav\u015fakta trafikte mahsur kald\u0131.<\/p>\n<p>\u0130srail sald\u0131r\u0131s\u0131n\u0131n bu noktada bir kahve b\u00fcfesine \u00e7arparak en az bir \u00f6l\u00fcme ve \u00e7ok say\u0131da yaralanmaya neden oldu\u011fu bildirildi. Daha sonra ayn\u0131 yere iki sald\u0131r\u0131 daha yap\u0131ld\u0131 ve G\u00fcney L\u00fcbnan&#8217;da d\u00fczinelerce sald\u0131r\u0131 daha bildirildi.<\/p>\n<p>Hastaneler ve acil durum ekipleri, devam eden sald\u0131r\u0131lar nedeniyle \u00f6len ve yaralananlar\u0131 bildirmeye devam ediyor. \/message<\/p>\n<p>Tecr\u00fcbeyi geli\u015ftirmek ve reklamlar\u0131 g\u00f6r\u00fcnt\u00fclemek i\u00e7in \u00e7erezleri kullan\u0131r\u0131z (Google AdSense).<br \/>\n          &#8220;Kabul Et&#8221; se\u00e7ene\u011fine t\u0131klayarak \u00e7erezlerin a\u015fa\u011f\u0131daki \u015fartlara g\u00f6re kullan\u0131lmas\u0131n\u0131 kabul etmi\u015f olursunuz.<br \/>\n          Gizlilik Politikas\u0131<br \/>\n          ve<br \/>\n          \u00c7erez Politikas\u0131.<br \/>\n          &#8220;Reddet&#8221;i t\u0131klayarak gerekli olmayan \u00e7erezleri reddedebilirsiniz.<\/p>\n<hr style=\"margin:30px 0\">\n<p style=\"font-size:13px;color:#666\">Kaynak: <strong>prizrenpost<\/strong><\/p>\n","protected":false},"excerpt":{"rendered":"<p>\u0130srail ordusunun b\u00f6lgedeki hava sald\u0131r\u0131lar\u0131 yo\u011funla\u015f\u0131rken yeni bir tahliye emri yay\u0131nlamas\u0131n\u0131n ard\u0131ndan g\u00fcney L\u00fcbnan&#8217;da ya\u015fayanlar evlerini tekrar terk etmek zorunda kald\u0131. Yerel bir lidere g\u00f6re, bir\u00e7ok sakinin ate\u015fkes s\u0131ras\u0131nda evlerini ve i\u015fyerlerini onarmak i\u00e7in geri d\u00f6nmesi nedeniyle sabah itibar\u0131yla k\u00f6y\u00fcn n\u00fcfusu yakla\u015f\u0131k y\u00fczde 75&#8217;ti. Ancak son uyar\u0131n\u0131n ard\u0131ndan aceleyle ayr\u0131ld\u0131lar ve sadece temel ihtiya\u00e7lar\u0131 yanlar\u0131na [&hellip;]<\/p>\n","protected":false},"author":1,"featured_media":42622,"comment_status":"open","ping_status":"open","sticky":false,"template":"","format":"standard","meta":{"footnotes":""},"categories":[24],"tags":[179],"class_list":["post-42621","post","type-post","status-publish","format-standard","has-post-thumbnail","hentry","category-dunya","tag-aktuel"],"views":3,"_links":{"self":[{"href":"https:\/\/prizrenpost.com\/tr\/wp-json\/wp\/v2\/posts\/42621","targetHints":{"allow":["GET"]}}],"collection":[{"href":"https:\/\/prizrenpost.com\/tr\/wp-json\/wp\/v2\/posts"}],"about":[{"href":"https:\/\/prizrenpost.com\/tr\/wp-json\/wp\/v2\/types\/post"}],"author":[{"embeddable":true,"href":"https:\/\/prizrenpost.com\/tr\/wp-json\/wp\/v2\/users\/1"}],"replies":[{"embeddable":true,"href":"https:\/\/prizrenpost.com\/tr\/wp-json\/wp\/v2\/comments?post=42621"}],"version-history":[{"count":1,"href":"https:\/\/prizrenpost.com\/tr\/wp-json\/wp\/v2\/posts\/42621\/revisions"}],"predecessor-version":[{"id":42623,"href":"https:\/\/prizrenpost.com\/tr\/wp-json\/wp\/v2\/posts\/42621\/revisions\/42623"}],"wp:featuredmedia":[{"embeddable":true,"href":"https:\/\/prizrenpost.com\/tr\/wp-json\/wp\/v2\/media\/42622"}],"wp:attachment":[{"href":"https:\/\/prizrenpost.com\/tr\/wp-json\/wp\/v2\/media?parent=42621"}],"wp:term":[{"taxonomy":"category","embeddable":true,"href":"https:\/\/prizrenpost.com\/tr\/wp-json\/wp\/v2\/categories?post=42621"},{"taxonomy":"post_tag","embeddable":true,"href":"https:\/\/prizrenpost.com\/tr\/wp-json\/wp\/v2\/tags?post=42621"}],"curies":[{"name":"wp","href":"https:\/\/api.w.org\/{rel}","templated":true}]}}