{"id":42624,"date":"2026-04-26T22:56:52","date_gmt":"2026-04-26T20:56:52","guid":{"rendered":"https:\/\/prizrenpost.com\/tr\/35-yasindaki-ferizajli-adamin-cok-sayida-ciddi-hirsizlik-vakasindan-supheleniliyor\/"},"modified":"2026-04-26T22:56:53","modified_gmt":"2026-04-26T20:56:53","slug":"35-yasindaki-ferizajli-adamin-cok-sayida-ciddi-hirsizlik-vakasindan-supheleniliyor","status":"publish","type":"post","link":"https:\/\/prizrenpost.com\/tr\/35-yasindaki-ferizajli-adamin-cok-sayida-ciddi-hirsizlik-vakasindan-supheleniliyor\/","title":{"rendered":"35 ya\u015f\u0131ndaki Ferizajl\u0131 adam\u0131n \u00e7ok say\u0131da ciddi h\u0131rs\u0131zl\u0131k vakas\u0131ndan \u015f\u00fcpheleniliyor"},"content":{"rendered":"<p><img decoding=\"async\" src=\"https:\/\/prizrenpost.com\/tr\/wp-content\/uploads\/2026\/04\/vjedhje-1.jpg\" style=\"width:100%;height:auto;margin-bottom:20px\"><\/p>\n<p>Ferizay polisi, son birka\u00e7 ay i\u00e7inde meydana gelen \u00e7ok say\u0131da &#8220;ciddi h\u0131rs\u0131zl\u0131k&#8221; su\u00e7una kar\u0131\u015ft\u0131\u011f\u0131ndan \u015f\u00fcphelenilen bir ki\u015fiyi tutuklad\u0131.<\/p>\n<p>Facebook&#8217;ta yap\u0131lan duyuruya g\u00f6re, Ferizaj&#8217;daki polis karakolunun Soru\u015fturma Birimi, Kas\u0131m 2025 &#8211; Nisan 2026 d\u00f6neminde, \u015fehirde ve aralar\u0131nda Sojeva, Babush, Dardania, Eski K\u00f6y ve Komogllava.<\/p>\n<p>Klankosova.tv&#8217;nin haberine g\u00f6re, polise g\u00f6re h\u0131rs\u0131zl\u0131klar \u00e7o\u011funlukla d\u00fckkanlar ve fabrikalar gibi ticari tesislerde i\u015flendi; burada para ve de\u011ferli e\u015fyalar \u00e7al\u0131nd\u0131.<\/p>\n<p>G\u00fcvenlik kameralar\u0131n\u0131n analizi ve sahadaki bilgilerin toplanmas\u0131 da dahil olmak \u00fczere yap\u0131lan soru\u015fturmalar\u0131n ard\u0131ndan \u015f\u00fcphelinin kimli\u011fi, t\u00fcm giri\u015fimlere ra\u011fmen su\u00e7lar\u0131 i\u015fledi\u011finden \u015f\u00fcphelenilen 35 ya\u015f\u0131ndaki S.T. olarak belirlendi. maskeli.<\/p>\n<p>&#8220;25.04.2026 tarihinde Ferizovik Temel Mahkemesi&#8217;nin talimat\u0131yla evinde arama yap\u0131lm\u0131\u015f, burada su\u00e7lar\u0131n i\u015flenmesinde kullan\u0131lan k\u0131yafet ve aletler de dahil olmak \u00fczere maddi deliller bulunmu\u015ftur. \u015e\u00fcpheli tutuklanarak, susma hakk\u0131 kullan\u0131larak avukat\u0131 huzurunda sorgulanm\u0131\u015ft\u0131r.&#8221;<\/p>\n<p>&#8220;Cumhuriyet savc\u0131s\u0131n\u0131n izniyle hakk\u0131nda &#8220;A\u011f\u0131r h\u0131rs\u0131zl\u0131k&#8221; su\u00e7undan cezai i\u015flem ba\u015flat\u0131lm\u0131\u015f ve 48 saat yasakl\u0131 oldu\u011fu, daha ileri soru\u015fturma prosed\u00fcrleri i\u00e7in&#8221; diyor PK.\/Klankosova.tv<\/p>\n<p>Deneyimi geli\u015ftirmek ve reklamlar\u0131 g\u00f6r\u00fcnt\u00fclemek i\u00e7in \u00e7erezleri kullan\u0131yoruz (Google AdSense).<br \/>\n          &#8220;Kabul Et&#8221; se\u00e7ene\u011fine t\u0131klayarak \u00e7erezlerin a\u015fa\u011f\u0131daki \u015fartlara g\u00f6re kullan\u0131lmas\u0131n\u0131 kabul etmi\u015f olursunuz.<br \/>\n          Gizlilik Politikas\u0131<br \/>\n          ve<br \/>\n          \u00c7erez Politikas\u0131.<br \/>\n          &#8220;Reddet&#8221;i t\u0131klayarak gerekli olmayan \u00e7erezleri reddedebilirsiniz.<\/p>\n<hr style=\"margin:30px 0\">\n<p style=\"font-size:13px;color:#666\">Kaynak: <strong>prizrenpost<\/strong><\/p>\n","protected":false},"excerpt":{"rendered":"<p>Ferizay polisi, son birka\u00e7 ay i\u00e7inde meydana gelen \u00e7ok say\u0131da &#8220;ciddi h\u0131rs\u0131zl\u0131k&#8221; su\u00e7una kar\u0131\u015ft\u0131\u011f\u0131ndan \u015f\u00fcphelenilen bir ki\u015fiyi tutuklad\u0131. Facebook&#8217;ta yap\u0131lan duyuruya g\u00f6re, Ferizaj&#8217;daki polis karakolunun Soru\u015fturma Birimi, Kas\u0131m 2025 &#8211; Nisan 2026 d\u00f6neminde, \u015fehirde ve aralar\u0131nda Sojeva, Babush, Dardania, Eski K\u00f6y ve Komogllava. Klankosova.tv&#8217;nin haberine g\u00f6re, polise g\u00f6re h\u0131rs\u0131zl\u0131klar \u00e7o\u011funlukla d\u00fckkanlar ve fabrikalar gibi ticari [&hellip;]<\/p>\n","protected":false},"author":1,"featured_media":42625,"comment_status":"open","ping_status":"open","sticky":false,"template":"","format":"standard","meta":{"footnotes":""},"categories":[17],"tags":[],"class_list":["post-42624","post","type-post","status-publish","format-standard","has-post-thumbnail","hentry","category-adli"],"views":4,"_links":{"self":[{"href":"https:\/\/prizrenpost.com\/tr\/wp-json\/wp\/v2\/posts\/42624","targetHints":{"allow":["GET"]}}],"collection":[{"href":"https:\/\/prizrenpost.com\/tr\/wp-json\/wp\/v2\/posts"}],"about":[{"href":"https:\/\/prizrenpost.com\/tr\/wp-json\/wp\/v2\/types\/post"}],"author":[{"embeddable":true,"href":"https:\/\/prizrenpost.com\/tr\/wp-json\/wp\/v2\/users\/1"}],"replies":[{"embeddable":true,"href":"https:\/\/prizrenpost.com\/tr\/wp-json\/wp\/v2\/comments?post=42624"}],"version-history":[{"count":1,"href":"https:\/\/prizrenpost.com\/tr\/wp-json\/wp\/v2\/posts\/42624\/revisions"}],"predecessor-version":[{"id":42626,"href":"https:\/\/prizrenpost.com\/tr\/wp-json\/wp\/v2\/posts\/42624\/revisions\/42626"}],"wp:featuredmedia":[{"embeddable":true,"href":"https:\/\/prizrenpost.com\/tr\/wp-json\/wp\/v2\/media\/42625"}],"wp:attachment":[{"href":"https:\/\/prizrenpost.com\/tr\/wp-json\/wp\/v2\/media?parent=42624"}],"wp:term":[{"taxonomy":"category","embeddable":true,"href":"https:\/\/prizrenpost.com\/tr\/wp-json\/wp\/v2\/categories?post=42624"},{"taxonomy":"post_tag","embeddable":true,"href":"https:\/\/prizrenpost.com\/tr\/wp-json\/wp\/v2\/tags?post=42624"}],"curies":[{"name":"wp","href":"https:\/\/api.w.org\/{rel}","templated":true}]}}