{"id":42627,"date":"2026-04-26T22:56:57","date_gmt":"2026-04-26T20:56:57","guid":{"rendered":"https:\/\/prizrenpost.com\/tr\/cinayete-tesebbusten-suclu-bulunan-43-yasindaki-pristinede-tutuklandi\/"},"modified":"2026-04-26T22:56:57","modified_gmt":"2026-04-26T20:56:57","slug":"cinayete-tesebbusten-suclu-bulunan-43-yasindaki-pristinede-tutuklandi","status":"publish","type":"post","link":"https:\/\/prizrenpost.com\/tr\/cinayete-tesebbusten-suclu-bulunan-43-yasindaki-pristinede-tutuklandi\/","title":{"rendered":"Cinayete te\u015febb\u00fcsten su\u00e7lu bulunan 43 ya\u015f\u0131ndaki Pri\u015ftine&#8217;de tutukland\u0131"},"content":{"rendered":"<p><img decoding=\"async\" src=\"https:\/\/prizrenpost.com\/tr\/wp-content\/uploads\/2026\/04\/AF038A7E-41B1-4CC2-B455-9A6A3709FC9E.jpeg\" style=\"width:100%;height:auto;margin-bottom:20px\"><\/p>\n<p>Pri\u015ftine polisi, &#8220;cinayete te\u015febb\u00fcs&#8221; su\u00e7undan h\u00fck\u00fcm giymi\u015f, aranan bir ki\u015fiyi tutuklad\u0131\u011f\u0131n\u0131 duyurdu.<\/p>\n<p>Klankosova.tv&#8217;nin haberine g\u00f6re, Facebook payla\u015f\u0131m\u0131ndan sonra 1 y\u0131l 6 ay hapis cezas\u0131na \u00e7arpt\u0131r\u0131lan Kosova vatanda\u015f\u0131 43 ya\u015f\u0131ndaki A.E.<\/p>\n<p>Tutuklama, devam eden eylemler \u00e7er\u00e7evesinde Pri\u015ftine&#8217;deki Kuzey Polis Karakolu Tutuklama Birimi taraf\u0131ndan ger\u00e7ekle\u015ftirildi. aranan ve cezai su\u00e7lardan h\u00fck\u00fcm giymi\u015f ki\u015filerin yakalanmas\u0131 i\u00e7in.<\/p>\n<p>PK.\/Klankosova.tv &#8220;Tutuklaman\u0131n ard\u0131ndan ayn\u0131 ki\u015fi cezay\u0131 \u00e7ekmek \u00fczere g\u00f6nderildi&#8221; diyor.<\/p>\n<p>Tecr\u00fcbeyi geli\u015ftirmek ve reklam g\u00f6r\u00fcnt\u00fclemek i\u00e7in \u00e7erezleri kullan\u0131yoruz (Google AdSense).<br \/>\n          &#8220;Kabul Et&#8221; se\u00e7ene\u011fine t\u0131klayarak \u00e7erezlerin a\u015fa\u011f\u0131daki \u015fartlara g\u00f6re kullan\u0131lmas\u0131n\u0131 kabul etmi\u015f olursunuz.<br \/>\n          Gizlilik Politikas\u0131<br \/>\n          ve<br \/>\n          \u00c7erez Politikas\u0131.<br \/>\n          &#8220;Reddet&#8221;i t\u0131klayarak gerekli olmayan \u00e7erezleri reddedebilirsiniz.<\/p>\n<hr style=\"margin:30px 0\">\n<p style=\"font-size:13px;color:#666\">Kaynak: <strong>prizrenpost<\/strong><\/p>\n","protected":false},"excerpt":{"rendered":"<p>Pri\u015ftine polisi, &#8220;cinayete te\u015febb\u00fcs&#8221; su\u00e7undan h\u00fck\u00fcm giymi\u015f, aranan bir ki\u015fiyi tutuklad\u0131\u011f\u0131n\u0131 duyurdu. Klankosova.tv&#8217;nin haberine g\u00f6re, Facebook payla\u015f\u0131m\u0131ndan sonra 1 y\u0131l 6 ay hapis cezas\u0131na \u00e7arpt\u0131r\u0131lan Kosova vatanda\u015f\u0131 43 ya\u015f\u0131ndaki A.E. Tutuklama, devam eden eylemler \u00e7er\u00e7evesinde Pri\u015ftine&#8217;deki Kuzey Polis Karakolu Tutuklama Birimi taraf\u0131ndan ger\u00e7ekle\u015ftirildi. aranan ve cezai su\u00e7lardan h\u00fck\u00fcm giymi\u015f ki\u015filerin yakalanmas\u0131 i\u00e7in. PK.\/Klankosova.tv &#8220;Tutuklaman\u0131n ard\u0131ndan [&hellip;]<\/p>\n","protected":false},"author":1,"featured_media":42628,"comment_status":"open","ping_status":"open","sticky":false,"template":"","format":"standard","meta":{"footnotes":""},"categories":[17],"tags":[],"class_list":["post-42627","post","type-post","status-publish","format-standard","has-post-thumbnail","hentry","category-adli"],"views":4,"_links":{"self":[{"href":"https:\/\/prizrenpost.com\/tr\/wp-json\/wp\/v2\/posts\/42627","targetHints":{"allow":["GET"]}}],"collection":[{"href":"https:\/\/prizrenpost.com\/tr\/wp-json\/wp\/v2\/posts"}],"about":[{"href":"https:\/\/prizrenpost.com\/tr\/wp-json\/wp\/v2\/types\/post"}],"author":[{"embeddable":true,"href":"https:\/\/prizrenpost.com\/tr\/wp-json\/wp\/v2\/users\/1"}],"replies":[{"embeddable":true,"href":"https:\/\/prizrenpost.com\/tr\/wp-json\/wp\/v2\/comments?post=42627"}],"version-history":[{"count":1,"href":"https:\/\/prizrenpost.com\/tr\/wp-json\/wp\/v2\/posts\/42627\/revisions"}],"predecessor-version":[{"id":42629,"href":"https:\/\/prizrenpost.com\/tr\/wp-json\/wp\/v2\/posts\/42627\/revisions\/42629"}],"wp:featuredmedia":[{"embeddable":true,"href":"https:\/\/prizrenpost.com\/tr\/wp-json\/wp\/v2\/media\/42628"}],"wp:attachment":[{"href":"https:\/\/prizrenpost.com\/tr\/wp-json\/wp\/v2\/media?parent=42627"}],"wp:term":[{"taxonomy":"category","embeddable":true,"href":"https:\/\/prizrenpost.com\/tr\/wp-json\/wp\/v2\/categories?post=42627"},{"taxonomy":"post_tag","embeddable":true,"href":"https:\/\/prizrenpost.com\/tr\/wp-json\/wp\/v2\/tags?post=42627"}],"curies":[{"name":"wp","href":"https:\/\/api.w.org\/{rel}","templated":true}]}}