{"id":42643,"date":"2026-04-27T07:47:03","date_gmt":"2026-04-27T05:47:03","guid":{"rendered":"https:\/\/prizrenpost.com\/tr\/abdixiku-kurtit-bize-66-oy-garantisi-verirseniz-vjosa-osmaniyi-oneriyoruz\/"},"modified":"2026-04-27T07:47:12","modified_gmt":"2026-04-27T05:47:12","slug":"abdixiku-kurtit-bize-66-oy-garantisi-verirseniz-vjosa-osmaniyi-oneriyoruz","status":"publish","type":"post","link":"https:\/\/prizrenpost.com\/tr\/abdixiku-kurtit-bize-66-oy-garantisi-verirseniz-vjosa-osmaniyi-oneriyoruz\/","title":{"rendered":"Abdixiku-Kurtit: Bize 66 oy garantisi verirseniz Vjosa Osmani&#8217;yi \u00f6neriyoruz"},"content":{"rendered":"<p><img decoding=\"async\" src=\"https:\/\/prizrenpost.com\/tr\/wp-content\/uploads\/2026\/04\/prizrenpostog-og-132.jpg\" style=\"width:100%;height:auto;margin-bottom:20px\"><\/p>\n<p>Kosova Demokratik Birli\u011fi Ba\u015fkan\u0131 Lumir Abdixhiku, Ba\u015fbakan Albin Kurti&#8217;ye siyasi i\u015fbirli\u011fi olas\u0131l\u0131\u011f\u0131na ili\u015fkin a\u00e7\u0131k bir mesaj verdi.<\/p>\n<p>Cevap olarak Abdixhiku, Kurti&#8217;den LDK ile siyasi bir anla\u015fma yapmay\u0131 m\u0131 yoksa Kosova Demokrat Partisi ile i\u015fbirli\u011fi i\u00e7inde 90 oy almay\u0131 m\u0131 hedefledi\u011fini belirlemesini istiyor.<\/p>\n<p>Ona g\u00f6re, h\u00fck\u00fcmet i\u00e7in ikinci se\u00e7enek gerekliyse LDK destek sa\u011flayamaz. Mesajda &#8220;Anla\u015fmaya vard\u0131\u011f\u0131n\u0131zda bunu hallederiz&#8221; deniyor.<\/p>\n<p>Abdixik, Kurti&#8217;nin LDK ile i\u015fbirli\u011fini se\u00e7mesi halinde taraflar aras\u0131nda diyalo\u011fun ba\u015flamas\u0131 gerekti\u011fini vurguluyor. Vjosa Osmani&#8217;nin se\u00e7ilmesi i\u00e7in 66 oy al\u0131nmas\u0131 durumunda ba\u015fkanl\u0131k g\u00f6revinin, t\u00fcm sorumlulu\u011fu \u00fcstlenerek LDK taraf\u0131ndan \u00f6nerilece\u011fini ekliyor.<\/p>\n<p>LDK&#8217;nin bu konumu, kurumlar\u0131n olu\u015fumu ve parlamento \u00e7o\u011funlu\u011funun g\u00fcvence alt\u0131na al\u0131nmas\u0131 a\u00e7\u0131s\u0131ndan \u00fclkedeki siyasi sahnenin belirsiz kald\u0131\u011f\u0131 bir zamanda ortaya \u00e7\u0131k\u0131yor.<\/p>\n<p>Tecr\u00fcbeyi geli\u015ftirmek ve reklam g\u00f6r\u00fcnt\u00fclemek (Google AdSense) i\u00e7in \u00e7erezler kullan\u0131yoruz.<br \/>\n          &#8220;Kabul Et&#8221; se\u00e7ene\u011fine t\u0131klayarak \u00e7erezlerin a\u015fa\u011f\u0131daki \u015fartlara g\u00f6re kullan\u0131lmas\u0131n\u0131 kabul etmi\u015f olursunuz.<br \/>\n          Gizlilik Politikas\u0131<br \/>\n          ve<br \/>\n          \u00c7erez Politikas\u0131.<br \/>\n          &#8220;Reddet&#8221;i t\u0131klayarak gerekli olmayan \u00e7erezleri reddedebilirsiniz.<\/p>\n<hr style=\"margin:30px 0\">\n<p style=\"font-size:13px;color:#666\">Kaynak: <strong>prizrenpost<\/strong><\/p>\n","protected":false},"excerpt":{"rendered":"<p>Kosova Demokratik Birli\u011fi Ba\u015fkan\u0131 Lumir Abdixhiku, Ba\u015fbakan Albin Kurti&#8217;ye siyasi i\u015fbirli\u011fi olas\u0131l\u0131\u011f\u0131na ili\u015fkin a\u00e7\u0131k bir mesaj verdi. Cevap olarak Abdixhiku, Kurti&#8217;den LDK ile siyasi bir anla\u015fma yapmay\u0131 m\u0131 yoksa Kosova Demokrat Partisi ile i\u015fbirli\u011fi i\u00e7inde 90 oy almay\u0131 m\u0131 hedefledi\u011fini belirlemesini istiyor. Ona g\u00f6re, h\u00fck\u00fcmet i\u00e7in ikinci se\u00e7enek gerekliyse LDK destek sa\u011flayamaz. Mesajda &#8220;Anla\u015fmaya vard\u0131\u011f\u0131n\u0131zda [&hellip;]<\/p>\n","protected":false},"author":1,"featured_media":42644,"comment_status":"open","ping_status":"open","sticky":false,"template":"","format":"standard","meta":{"footnotes":""},"categories":[14],"tags":[179],"class_list":["post-42643","post","type-post","status-publish","format-standard","has-post-thumbnail","hentry","category-ulusal","tag-aktuel"],"views":4,"_links":{"self":[{"href":"https:\/\/prizrenpost.com\/tr\/wp-json\/wp\/v2\/posts\/42643","targetHints":{"allow":["GET"]}}],"collection":[{"href":"https:\/\/prizrenpost.com\/tr\/wp-json\/wp\/v2\/posts"}],"about":[{"href":"https:\/\/prizrenpost.com\/tr\/wp-json\/wp\/v2\/types\/post"}],"author":[{"embeddable":true,"href":"https:\/\/prizrenpost.com\/tr\/wp-json\/wp\/v2\/users\/1"}],"replies":[{"embeddable":true,"href":"https:\/\/prizrenpost.com\/tr\/wp-json\/wp\/v2\/comments?post=42643"}],"version-history":[{"count":1,"href":"https:\/\/prizrenpost.com\/tr\/wp-json\/wp\/v2\/posts\/42643\/revisions"}],"predecessor-version":[{"id":42645,"href":"https:\/\/prizrenpost.com\/tr\/wp-json\/wp\/v2\/posts\/42643\/revisions\/42645"}],"wp:featuredmedia":[{"embeddable":true,"href":"https:\/\/prizrenpost.com\/tr\/wp-json\/wp\/v2\/media\/42644"}],"wp:attachment":[{"href":"https:\/\/prizrenpost.com\/tr\/wp-json\/wp\/v2\/media?parent=42643"}],"wp:term":[{"taxonomy":"category","embeddable":true,"href":"https:\/\/prizrenpost.com\/tr\/wp-json\/wp\/v2\/categories?post=42643"},{"taxonomy":"post_tag","embeddable":true,"href":"https:\/\/prizrenpost.com\/tr\/wp-json\/wp\/v2\/tags?post=42643"}],"curies":[{"name":"wp","href":"https:\/\/api.w.org\/{rel}","templated":true}]}}