{"id":42649,"date":"2026-04-27T07:47:32","date_gmt":"2026-04-27T05:47:32","guid":{"rendered":"https:\/\/prizrenpost.com\/tr\/ksf-ekibi-gazzeye-gidiyor-birliklerin-konuslandirilmasina-yonelik-hazirliklar-basliyor\/"},"modified":"2026-04-27T07:47:35","modified_gmt":"2026-04-27T05:47:35","slug":"ksf-ekibi-gazzeye-gidiyor-birliklerin-konuslandirilmasina-yonelik-hazirliklar-basliyor","status":"publish","type":"post","link":"https:\/\/prizrenpost.com\/tr\/ksf-ekibi-gazzeye-gidiyor-birliklerin-konuslandirilmasina-yonelik-hazirliklar-basliyor\/","title":{"rendered":"KSF ekibi Gazze&#8217;ye gidiyor &#8211; birliklerin konu\u015fland\u0131r\u0131lmas\u0131na y\u00f6nelik haz\u0131rl\u0131klar ba\u015fl\u0131yor"},"content":{"rendered":"<p><img decoding=\"async\" src=\"https:\/\/prizrenpost.com\/tr\/wp-content\/uploads\/2026\/04\/prizrenpostog-og-134.jpg\" style=\"width:100%;height:auto;margin-bottom:20px\"><\/p>\n<p>Kosova G\u00fcvenlik G\u00fcc\u00fc (KSF) komutan\u0131 Ba\u015fkim Ya\u015fari, uluslararas\u0131 bar\u0131\u015f\u0131 koruma misyonu kapsam\u0131nda KSF birliklerinin g\u00f6rev yapmas\u0131 beklenen b\u00f6lgede ke\u015fif yapmak \u00fczere Gazze&#8217;ye bir ekip g\u00f6nderdi.<\/p>\n<p>Resmi a\u00e7\u0131klamaya g\u00f6re, KSF ekibi sahadaki durumla ilgili bir \u00f6n de\u011ferlendirme yapacak ve \u0130stikrar G\u00fc\u00e7lerinin bir par\u00e7as\u0131 olacak birli\u011fin konu\u015fland\u0131r\u0131lmas\u0131na y\u00f6nelik faaliyetleri koordine edecek. Gazze&#8217;de Uluslararas\u0131 G\u00fcvenlik Servisi (ISF).<\/p>\n<p>Heyet, orada kald\u0131\u011f\u0131 s\u00fcre boyunca Gazze&#8217;nin idaresiyle ilgili yetkililerin yan\u0131 s\u0131ra BM&#8217;nin 2803 say\u0131l\u0131 karar\u0131 uyar\u0131nca Bar\u0131\u015f Kurulu&#8217;nun denetiminde faaliyet g\u00f6steren Sivil-Asker Koordinasyon Merkezi (CMCC) temsilcileriyle bir dizi toplant\u0131 ger\u00e7ekle\u015ftirdi.<\/p>\n<p>Bu toplant\u0131larda KSF birli\u011finin misyona entegre edilmesi s\u00fcreci, ortak operasyonlar\u0131n geli\u015ftirilmesi ve lojistik koordinasyonun sa\u011flanmas\u0131 konular\u0131 ele al\u0131nd\u0131. destek.<\/p>\n<p>Kosova G\u00fcvenlik G\u00fcc\u00fc, uluslararas\u0131 m\u00fcttefiklerle, \u00f6zellikle Amerika Birle\u015fik Devletleri ile yak\u0131n i\u015fbirli\u011fi yaparak ve bar\u0131\u015f\u0131 korumak i\u00e7in uluslararas\u0131 standartlara ve de\u011ferlere sayg\u0131 g\u00f6stererek k\u00fcresel bar\u0131\u015f ve istikrara katk\u0131da bulunmaya kararl\u0131 oldu\u011funu vurgulad\u0131.<\/p>\n<p>Tecr\u00fcbeyi geli\u015ftirmek ve reklamlar\u0131 g\u00f6r\u00fcnt\u00fclemek i\u00e7in \u00e7erezler kullan\u0131yoruz (Google AdSense).<br \/>\n          &#8220;Kabul Et&#8221; se\u00e7ene\u011fine t\u0131klayarak \u00e7erezlerin a\u015fa\u011f\u0131daki \u015fartlara g\u00f6re kullan\u0131lmas\u0131n\u0131 kabul etmi\u015f olursunuz.<br \/>\n          Gizlilik Politikas\u0131<br \/>\n          ve<br \/>\n          \u00c7erez Politikas\u0131.<br \/>\n          &#8220;Reddet&#8221;i t\u0131klayarak gerekli olmayan \u00e7erezleri reddedebilirsiniz.<\/p>\n<hr style=\"margin:30px 0\">\n<p style=\"font-size:13px;color:#666\">Kaynak: <strong>prizrenpost<\/strong><\/p>\n","protected":false},"excerpt":{"rendered":"<p>Kosova G\u00fcvenlik G\u00fcc\u00fc (KSF) komutan\u0131 Ba\u015fkim Ya\u015fari, uluslararas\u0131 bar\u0131\u015f\u0131 koruma misyonu kapsam\u0131nda KSF birliklerinin g\u00f6rev yapmas\u0131 beklenen b\u00f6lgede ke\u015fif yapmak \u00fczere Gazze&#8217;ye bir ekip g\u00f6nderdi. Resmi a\u00e7\u0131klamaya g\u00f6re, KSF ekibi sahadaki durumla ilgili bir \u00f6n de\u011ferlendirme yapacak ve \u0130stikrar G\u00fc\u00e7lerinin bir par\u00e7as\u0131 olacak birli\u011fin konu\u015fland\u0131r\u0131lmas\u0131na y\u00f6nelik faaliyetleri koordine edecek. Gazze&#8217;de Uluslararas\u0131 G\u00fcvenlik Servisi (ISF). Heyet, [&hellip;]<\/p>\n","protected":false},"author":1,"featured_media":42650,"comment_status":"open","ping_status":"open","sticky":false,"template":"","format":"standard","meta":{"footnotes":""},"categories":[14],"tags":[179],"class_list":["post-42649","post","type-post","status-publish","format-standard","has-post-thumbnail","hentry","category-ulusal","tag-aktuel"],"views":4,"_links":{"self":[{"href":"https:\/\/prizrenpost.com\/tr\/wp-json\/wp\/v2\/posts\/42649","targetHints":{"allow":["GET"]}}],"collection":[{"href":"https:\/\/prizrenpost.com\/tr\/wp-json\/wp\/v2\/posts"}],"about":[{"href":"https:\/\/prizrenpost.com\/tr\/wp-json\/wp\/v2\/types\/post"}],"author":[{"embeddable":true,"href":"https:\/\/prizrenpost.com\/tr\/wp-json\/wp\/v2\/users\/1"}],"replies":[{"embeddable":true,"href":"https:\/\/prizrenpost.com\/tr\/wp-json\/wp\/v2\/comments?post=42649"}],"version-history":[{"count":1,"href":"https:\/\/prizrenpost.com\/tr\/wp-json\/wp\/v2\/posts\/42649\/revisions"}],"predecessor-version":[{"id":42651,"href":"https:\/\/prizrenpost.com\/tr\/wp-json\/wp\/v2\/posts\/42649\/revisions\/42651"}],"wp:featuredmedia":[{"embeddable":true,"href":"https:\/\/prizrenpost.com\/tr\/wp-json\/wp\/v2\/media\/42650"}],"wp:attachment":[{"href":"https:\/\/prizrenpost.com\/tr\/wp-json\/wp\/v2\/media?parent=42649"}],"wp:term":[{"taxonomy":"category","embeddable":true,"href":"https:\/\/prizrenpost.com\/tr\/wp-json\/wp\/v2\/categories?post=42649"},{"taxonomy":"post_tag","embeddable":true,"href":"https:\/\/prizrenpost.com\/tr\/wp-json\/wp\/v2\/tags?post=42649"}],"curies":[{"name":"wp","href":"https:\/\/api.w.org\/{rel}","templated":true}]}}