{"id":42667,"date":"2026-04-27T08:45:24","date_gmt":"2026-04-27T06:45:24","guid":{"rendered":"https:\/\/prizrenpost.com\/tr\/meclis-iki-oturumda-toplanacak\/"},"modified":"2026-04-27T08:45:29","modified_gmt":"2026-04-27T06:45:29","slug":"meclis-iki-oturumda-toplanacak","status":"publish","type":"post","link":"https:\/\/prizrenpost.com\/tr\/meclis-iki-oturumda-toplanacak\/","title":{"rendered":"Meclis iki oturumda toplanacak"},"content":{"rendered":"<p><img decoding=\"async\" src=\"https:\/\/prizrenpost.com\/tr\/wp-content\/uploads\/2026\/04\/prizrenpostog-og-137.jpg\" style=\"width:100%;height:auto;margin-bottom:20px\">Kosova Meclisi milletvekilleri bug\u00fcn iki oturum d\u00fczenlemek \u00fczere bir araya gelecek. Duyuruya g\u00f6re ilki saat 09.00&#8217;dan itibaren ger\u00e7ekle\u015ftirilebilecek ve halk\u0131n se\u00e7ilmi\u015f yetkilileri merhum akademisyen Rexhep Qosjen&#8217;i onurland\u0131rmak i\u00e7in bir araya gelecek. Saat 12.00&#8217;den itibaren Parlamento ola\u011fan genel kurul toplant\u0131s\u0131n\u0131 ger\u00e7ekle\u015ftirecek. Kaynak: [\u2026]<\/p>\n<hr style=\"margin:30px 0\">\n<p style=\"font-size:13px;color:#666\">Kaynak: <strong>prizrenpost<\/strong><\/p>\n","protected":false},"excerpt":{"rendered":"<p>Kosova Meclisi milletvekilleri bug\u00fcn iki oturum d\u00fczenlemek \u00fczere bir araya gelecek. Duyuruya g\u00f6re ilki saat 09.00&#8217;dan itibaren ger\u00e7ekle\u015ftirilebilecek ve halk\u0131n se\u00e7ilmi\u015f yetkilileri merhum akademisyen Rexhep Qosjen&#8217;i onurland\u0131rmak i\u00e7in bir araya gelecek. Saat 12.00&#8217;den itibaren Parlamento ola\u011fan genel kurul toplant\u0131s\u0131n\u0131 ger\u00e7ekle\u015ftirecek. Kaynak: [\u2026] Kaynak: prizrenpost<\/p>\n","protected":false},"author":1,"featured_media":42668,"comment_status":"open","ping_status":"open","sticky":false,"template":"","format":"standard","meta":{"footnotes":""},"categories":[14],"tags":[179],"class_list":["post-42667","post","type-post","status-publish","format-standard","has-post-thumbnail","hentry","category-ulusal","tag-aktuel"],"views":3,"_links":{"self":[{"href":"https:\/\/prizrenpost.com\/tr\/wp-json\/wp\/v2\/posts\/42667","targetHints":{"allow":["GET"]}}],"collection":[{"href":"https:\/\/prizrenpost.com\/tr\/wp-json\/wp\/v2\/posts"}],"about":[{"href":"https:\/\/prizrenpost.com\/tr\/wp-json\/wp\/v2\/types\/post"}],"author":[{"embeddable":true,"href":"https:\/\/prizrenpost.com\/tr\/wp-json\/wp\/v2\/users\/1"}],"replies":[{"embeddable":true,"href":"https:\/\/prizrenpost.com\/tr\/wp-json\/wp\/v2\/comments?post=42667"}],"version-history":[{"count":1,"href":"https:\/\/prizrenpost.com\/tr\/wp-json\/wp\/v2\/posts\/42667\/revisions"}],"predecessor-version":[{"id":42669,"href":"https:\/\/prizrenpost.com\/tr\/wp-json\/wp\/v2\/posts\/42667\/revisions\/42669"}],"wp:featuredmedia":[{"embeddable":true,"href":"https:\/\/prizrenpost.com\/tr\/wp-json\/wp\/v2\/media\/42668"}],"wp:attachment":[{"href":"https:\/\/prizrenpost.com\/tr\/wp-json\/wp\/v2\/media?parent=42667"}],"wp:term":[{"taxonomy":"category","embeddable":true,"href":"https:\/\/prizrenpost.com\/tr\/wp-json\/wp\/v2\/categories?post=42667"},{"taxonomy":"post_tag","embeddable":true,"href":"https:\/\/prizrenpost.com\/tr\/wp-json\/wp\/v2\/tags?post=42667"}],"curies":[{"name":"wp","href":"https:\/\/api.w.org\/{rel}","templated":true}]}}