{"id":42670,"date":"2026-04-27T08:45:35","date_gmt":"2026-04-27T06:45:35","guid":{"rendered":"https:\/\/prizrenpost.com\/tr\/kurti-kuzeydeki-ofisin-acilisinda-ayrimcilik-sona-erdi\/"},"modified":"2026-04-27T08:45:35","modified_gmt":"2026-04-27T06:45:35","slug":"kurti-kuzeydeki-ofisin-acilisinda-ayrimcilik-sona-erdi","status":"publish","type":"post","link":"https:\/\/prizrenpost.com\/tr\/kurti-kuzeydeki-ofisin-acilisinda-ayrimcilik-sona-erdi\/","title":{"rendered":"Kurti kuzeydeki ofisin a\u00e7\u0131l\u0131\u015f\u0131nda: Ayr\u0131mc\u0131l\u0131k sona erdi"},"content":{"rendered":"<p>Kuzey Mitrovica&#8217;daki Tar\u0131m, Orman ve K\u0131rsal Kalk\u0131nma Bakanl\u0131\u011f\u0131 ofisi Pazartesi g\u00fcn\u00fc a\u00e7\u0131ld\u0131.<\/p>\n<p>Bu a\u00e7\u0131l\u0131\u015fta Kosova ba\u015fbakan\u0131 Albin Kurti, bakanlar Armend Muja, Xhelal Sve\u00e7la ve Elbert Krasniqi&#8217;nin yan\u0131 s\u0131ra G\u00fcney Mitrovica belediye ba\u015fkan\u0131 Faton Peci de haz\u0131r bulundu.<\/p>\n<p>Bu vesileyle kuzeydeki S\u0131rp medyas\u0131, y\u00fcr\u00fctme ba\u015fkan\u0131na neden belediye ba\u015fkan\u0131n\u0131n se\u00e7ildi\u011fini sordu. mevcut de\u011fildi. KP, S\u0131rp az\u0131nl\u0131k saflar\u0131ndan gelen ve bunun i\u00e7in &#8220;herkesin s\u0131radan vatanda\u015flarla daha fazla ilgilenmesi gerekti\u011fini bilmelisiniz&#8221; diye yaz\u0131yor.<\/p>\n<p>Belediye ba\u015fkanlar\u0131n\u0131n \u00fcst s\u0131n\u0131f vatanda\u015flar oldu\u011funu ve medyan\u0131n onlar i\u00e7in endi\u015felenmemesini \u00f6nerdi\u011fini s\u00f6yl\u00fcyor.<\/p>\n<p>Kurti &#8220;ayr\u0131mc\u0131l\u0131\u011f\u0131n sona erdi\u011fini&#8221; s\u00f6yledi.<\/p>\n<p>&#8220;Bug\u00fcn bu g\u00fcn\u00fc ya\u015famam\u0131zda eme\u011fi ge\u00e7en herkese te\u015fekk\u00fcr ediyorum. Her \u015fey dahil&#8221;, dedi Kurti.<\/p>\n<p>Tecr\u00fcbeyi geli\u015ftirmek ve reklam g\u00f6r\u00fcnt\u00fclemek (Google AdSense) i\u00e7in \u00e7erezleri kullan\u0131yoruz.<br \/>\n          &#8220;Kabul Et&#8221; se\u00e7ene\u011fine t\u0131klayarak \u00e7erezlerin a\u015fa\u011f\u0131daki \u015fartlara g\u00f6re kullan\u0131lmas\u0131n\u0131 kabul etmi\u015f olursunuz.<br \/>\n          Gizlilik Politikas\u0131<br \/>\n          ve<br \/>\n          \u00c7erez Politikas\u0131.<br \/>\n          &#8220;Reddet&#8221;i t\u0131klayarak gerekli olmayan \u00e7erezleri reddedebilirsiniz.<\/p>\n<hr style=\"margin:30px 0\">\n<p style=\"font-size:13px;color:#666\">Kaynak: <strong>prizrenpost<\/strong><\/p>\n","protected":false},"excerpt":{"rendered":"<p>Kuzey Mitrovica&#8217;daki Tar\u0131m, Orman ve K\u0131rsal Kalk\u0131nma Bakanl\u0131\u011f\u0131 ofisi Pazartesi g\u00fcn\u00fc a\u00e7\u0131ld\u0131. Bu a\u00e7\u0131l\u0131\u015fta Kosova ba\u015fbakan\u0131 Albin Kurti, bakanlar Armend Muja, Xhelal Sve\u00e7la ve Elbert Krasniqi&#8217;nin yan\u0131 s\u0131ra G\u00fcney Mitrovica belediye ba\u015fkan\u0131 Faton Peci de haz\u0131r bulundu. Bu vesileyle kuzeydeki S\u0131rp medyas\u0131, y\u00fcr\u00fctme ba\u015fkan\u0131na neden belediye ba\u015fkan\u0131n\u0131n se\u00e7ildi\u011fini sordu. mevcut de\u011fildi. KP, S\u0131rp az\u0131nl\u0131k saflar\u0131ndan [&hellip;]<\/p>\n","protected":false},"author":1,"featured_media":10330,"comment_status":"open","ping_status":"open","sticky":false,"template":"","format":"standard","meta":{"footnotes":""},"categories":[14],"tags":[],"class_list":["post-42670","post","type-post","status-publish","format-standard","has-post-thumbnail","hentry","category-ulusal"],"views":3,"_links":{"self":[{"href":"https:\/\/prizrenpost.com\/tr\/wp-json\/wp\/v2\/posts\/42670","targetHints":{"allow":["GET"]}}],"collection":[{"href":"https:\/\/prizrenpost.com\/tr\/wp-json\/wp\/v2\/posts"}],"about":[{"href":"https:\/\/prizrenpost.com\/tr\/wp-json\/wp\/v2\/types\/post"}],"author":[{"embeddable":true,"href":"https:\/\/prizrenpost.com\/tr\/wp-json\/wp\/v2\/users\/1"}],"replies":[{"embeddable":true,"href":"https:\/\/prizrenpost.com\/tr\/wp-json\/wp\/v2\/comments?post=42670"}],"version-history":[{"count":0,"href":"https:\/\/prizrenpost.com\/tr\/wp-json\/wp\/v2\/posts\/42670\/revisions"}],"wp:featuredmedia":[{"embeddable":true,"href":"https:\/\/prizrenpost.com\/tr\/wp-json\/wp\/v2\/media\/10330"}],"wp:attachment":[{"href":"https:\/\/prizrenpost.com\/tr\/wp-json\/wp\/v2\/media?parent=42670"}],"wp:term":[{"taxonomy":"category","embeddable":true,"href":"https:\/\/prizrenpost.com\/tr\/wp-json\/wp\/v2\/categories?post=42670"},{"taxonomy":"post_tag","embeddable":true,"href":"https:\/\/prizrenpost.com\/tr\/wp-json\/wp\/v2\/tags?post=42670"}],"curies":[{"name":"wp","href":"https:\/\/api.w.org\/{rel}","templated":true}]}}