{"id":42672,"date":"2026-04-27T10:00:46","date_gmt":"2026-04-27T08:00:46","guid":{"rendered":"https:\/\/prizrenpost.com\/tr\/mitrovicada-turkiye-bayragina-zarar-veren-kisiye-iddianame\/"},"modified":"2026-04-27T10:00:56","modified_gmt":"2026-04-27T08:00:56","slug":"mitrovicada-turkiye-bayragina-zarar-veren-kisiye-iddianame","status":"publish","type":"post","link":"https:\/\/prizrenpost.com\/tr\/mitrovicada-turkiye-bayragina-zarar-veren-kisiye-iddianame\/","title":{"rendered":"Mitrovi\u00e7a&#8217;da T\u00fcrkiye bayra\u011f\u0131na zarar veren ki\u015fiye iddianame"},"content":{"rendered":"<p><img decoding=\"async\" src=\"https:\/\/prizrenpost.com\/tr\/wp-content\/uploads\/2026\/04\/prizrenpostog-og-139.jpg\" style=\"width:100%;height:auto;margin-bottom:20px\"><\/p>\n<p>Kosova \u00d6zel Savc\u0131l\u0131\u011f\u0131, D.Z hakk\u0131nda &#8220;Nifak ve ho\u015fg\u00f6r\u00fcs\u00fczl\u00fc\u011f\u00fc tahrik etmek&#8221; ve &#8220;\u0130zinsiz silah bulundurmak, kontrol etmek veya bulundurmak&#8221; su\u00e7lar\u0131n\u0131 i\u015fledi\u011fi iddias\u0131yla iddianame haz\u0131rlad\u0131.<\/p>\n<p>\u0130ddianameye g\u00f6re, 05.03.2026 tarihinde saat 02.00 s\u0131ralar\u0131nda Mitrovica&#8217;n\u0131n &#8220;Adem Ya\u015fari&#8221; meydan\u0131nda san\u0131k D.Z. &#8220;Ramazan ay\u0131 iftar m\u00fcnasebetiyle d\u00fczenlenen halka a\u00e7\u0131k bir etkinlikte \u015f\u00fcpheli, keskin alet kullanarak T\u00fcrkiye Cumhuriyeti bayra\u011f\u0131na zarar vermi\u015f ve bu sembole alenen hakaret etmi\u015ftir. Ayr\u0131ca san\u0131k, belirsiz bir tarihten 12.03.2026 tarihine kadar y\u00fcr\u00fcrl\u00fckteki kanuna ayk\u0131r\u0131 olarak ve ilgili izni olmadan silah bulundurup, A\u00e7\u0131klamada &#8220;m\u00fchimmat&#8221; ifadesi yer al\u0131yor.<\/p>\n<p>Tecr\u00fcbeyi geli\u015ftirmek ve reklam g\u00f6r\u00fcnt\u00fclemek (Google AdSense) i\u00e7in \u00e7erezleri kullan\u0131yoruz.<br \/>\n          &#8220;Kabul Et&#8221; se\u00e7ene\u011fine t\u0131klayarak \u00e7erezlerin a\u015fa\u011f\u0131daki \u015fartlara g\u00f6re kullan\u0131lmas\u0131n\u0131 kabul etmi\u015f olursunuz.<br \/>\n          Gizlilik Politikas\u0131<br \/>\n          ve<br \/>\n          \u00c7erez Politikas\u0131.<br \/>\n          &#8220;Reddet&#8221;i t\u0131klayarak gerekli olmayan \u00e7erezleri reddedebilirsiniz.<\/p>\n<hr style=\"margin:30px 0\">\n<p style=\"font-size:13px;color:#666\">Kaynak: <strong>prizrenpost<\/strong><\/p>\n","protected":false},"excerpt":{"rendered":"<p>Kosova \u00d6zel Savc\u0131l\u0131\u011f\u0131, D.Z hakk\u0131nda &#8220;Nifak ve ho\u015fg\u00f6r\u00fcs\u00fczl\u00fc\u011f\u00fc tahrik etmek&#8221; ve &#8220;\u0130zinsiz silah bulundurmak, kontrol etmek veya bulundurmak&#8221; su\u00e7lar\u0131n\u0131 i\u015fledi\u011fi iddias\u0131yla iddianame haz\u0131rlad\u0131. \u0130ddianameye g\u00f6re, 05.03.2026 tarihinde saat 02.00 s\u0131ralar\u0131nda Mitrovica&#8217;n\u0131n &#8220;Adem Ya\u015fari&#8221; meydan\u0131nda san\u0131k D.Z. &#8220;Ramazan ay\u0131 iftar m\u00fcnasebetiyle d\u00fczenlenen halka a\u00e7\u0131k bir etkinlikte \u015f\u00fcpheli, keskin alet kullanarak T\u00fcrkiye Cumhuriyeti bayra\u011f\u0131na zarar vermi\u015f ve [&hellip;]<\/p>\n","protected":false},"author":1,"featured_media":42673,"comment_status":"open","ping_status":"open","sticky":false,"template":"","format":"standard","meta":{"footnotes":""},"categories":[14],"tags":[179],"class_list":["post-42672","post","type-post","status-publish","format-standard","has-post-thumbnail","hentry","category-ulusal","tag-aktuel"],"views":4,"_links":{"self":[{"href":"https:\/\/prizrenpost.com\/tr\/wp-json\/wp\/v2\/posts\/42672","targetHints":{"allow":["GET"]}}],"collection":[{"href":"https:\/\/prizrenpost.com\/tr\/wp-json\/wp\/v2\/posts"}],"about":[{"href":"https:\/\/prizrenpost.com\/tr\/wp-json\/wp\/v2\/types\/post"}],"author":[{"embeddable":true,"href":"https:\/\/prizrenpost.com\/tr\/wp-json\/wp\/v2\/users\/1"}],"replies":[{"embeddable":true,"href":"https:\/\/prizrenpost.com\/tr\/wp-json\/wp\/v2\/comments?post=42672"}],"version-history":[{"count":1,"href":"https:\/\/prizrenpost.com\/tr\/wp-json\/wp\/v2\/posts\/42672\/revisions"}],"predecessor-version":[{"id":42674,"href":"https:\/\/prizrenpost.com\/tr\/wp-json\/wp\/v2\/posts\/42672\/revisions\/42674"}],"wp:featuredmedia":[{"embeddable":true,"href":"https:\/\/prizrenpost.com\/tr\/wp-json\/wp\/v2\/media\/42673"}],"wp:attachment":[{"href":"https:\/\/prizrenpost.com\/tr\/wp-json\/wp\/v2\/media?parent=42672"}],"wp:term":[{"taxonomy":"category","embeddable":true,"href":"https:\/\/prizrenpost.com\/tr\/wp-json\/wp\/v2\/categories?post=42672"},{"taxonomy":"post_tag","embeddable":true,"href":"https:\/\/prizrenpost.com\/tr\/wp-json\/wp\/v2\/tags?post=42672"}],"curies":[{"name":"wp","href":"https:\/\/api.w.org\/{rel}","templated":true}]}}