{"id":42684,"date":"2026-04-27T11:13:16","date_gmt":"2026-04-27T09:13:16","guid":{"rendered":"https:\/\/prizrenpost.com\/tr\/netanyahu-lubnandaki-basarisizliklar-ve-irandaki-kismi-sonuclar-nedeniyle-kurban-talep-etti\/"},"modified":"2026-04-27T11:13:18","modified_gmt":"2026-04-27T09:13:18","slug":"netanyahu-lubnandaki-basarisizliklar-ve-irandaki-kismi-sonuclar-nedeniyle-kurban-talep-etti","status":"publish","type":"post","link":"https:\/\/prizrenpost.com\/tr\/netanyahu-lubnandaki-basarisizliklar-ve-irandaki-kismi-sonuclar-nedeniyle-kurban-talep-etti\/","title":{"rendered":"Netanyahu, L\u00fcbnan&#8217;daki ba\u015far\u0131s\u0131zl\u0131klar ve \u0130ran&#8217;daki k\u0131smi sonu\u00e7lar nedeniyle &#8220;kurban&#8221; talep etti"},"content":{"rendered":"<p><img decoding=\"async\" src=\"https:\/\/prizrenpost.com\/tr\/wp-content\/uploads\/2026\/04\/thumbs_b_c_5dd57399a2b4f11f2c933a397372c74e.jpg\" style=\"width:100%;height:auto;margin-bottom:20px\"><\/p>\n<p>Anadolu merkezli Israel Hayom gazetesinin Pazar g\u00fcnk\u00fc haberine g\u00f6re, \u00fcst d\u00fczey \u0130srailli askeri yetkililer, Ba\u015fbakan Binyamin Netanyahu&#8217;yu \u0130srail&#8217;in L\u00fcbnan&#8217;daki ba\u015far\u0131s\u0131zl\u0131klar\u0131 ve \u0130ran&#8217;la \u00e7at\u0131\u015fmas\u0131n\u0131n k\u0131smi sonu\u00e7lar\u0131 i\u00e7in bir g\u00fcnah ke\u00e7isi aramakla su\u00e7lad\u0131.<\/p>\n<p>Yetkililer, Netanyahu&#8217;nun orduya L\u00fcbnan&#8217;daki Hizbullah sald\u0131r\u0131lar\u0131na &#8220;g\u00fc\u00e7l\u00fc kar\u015f\u0131l\u0131k verme&#8221; talimat\u0131 verdi\u011fi y\u00f6n\u00fcndeki iddias\u0131n\u0131n yaln\u0131zca i\u00e7 bask\u0131y\u0131 hafifletmeyi ama\u00e7layan siyasi bir oyun oldu\u011funu ve orduda ger\u00e7ek bir de\u011fi\u015fiklik olmad\u0131\u011f\u0131n\u0131 s\u00f6yledi <\/p>\n<p>Raporda, Netanyahu&#8217;nun Cumartesi g\u00fcn\u00fc ge\u00e7 saatlerde, defalarca ate\u015fkes ihlalleri ve L\u00fcbnan&#8217;dan gelen sald\u0131r\u0131lar\u0131n ard\u0131ndan \u0130srail ordusuna Hizbullah hedeflerini &#8220;g\u00fc\u00e7 kullanarak&#8221; vurma emrini verdi\u011fini a\u00e7\u0131klad\u0131\u011f\u0131 belirtildi. Ancak \u00fcst d\u00fczey ordu yetkilileri, ard\u0131ndan gelen sald\u0131r\u0131lar\u0131n rutin oldu\u011funu ve ayn\u0131 mevcut angajman kurallar\u0131 \u00e7er\u00e7evesinde, G\u00fcney L\u00fcbnan&#8217;la s\u0131n\u0131rl\u0131 olarak ve ger\u00e7ek bir gerilim ya\u015fanmadan ger\u00e7ekle\u015ftirildi\u011fini s\u00f6yledi.<\/p>\n<p>Netanyahu&#8217;nun a\u00e7\u0131klamas\u0131n\u0131 bir &#8220;sis perdesi&#8221; olarak tan\u0131mlayarak ordunun emirlerinde herhangi bir de\u011fi\u015fiklik olmad\u0131\u011f\u0131n\u0131 ve askeri operasyonlar\u0131n aynen eskisi gibi devam etti\u011fini vurgulad\u0131. Yetkililer, Netanyahu&#8217;nun orduyu vaat etti\u011fi sonu\u00e7lar\u0131 elde edememesinden sorumlu olarak g\u00f6stermeye \u00e7al\u0131\u015ft\u0131\u011f\u0131n\u0131, ger\u00e7ekte ise ordunun kesinlikle siyasi liderli\u011fin talimatlar\u0131na g\u00f6re hareket etti\u011fini s\u00f6yledi.<\/p>\n<p>L\u00fcbnan&#8217;daki \u0130srail operasyonlar\u0131n\u0131n, L\u00fcbnan&#8217;da ate\u015fkes ilan eden ve daha sonra ate\u015fkesi \u00fc\u00e7 hafta uzatan ABD Ba\u015fkan\u0131 Donald Trump taraf\u0131ndan belirlenen y\u00f6nergelerle etkili bir \u015fekilde s\u0131n\u0131rl\u0131 kald\u0131\u011f\u0131n\u0131 eklediler. Raporda, yetkililerin Netanyahu&#8217;nun L\u00fcbnan&#8217;daki hayal k\u0131r\u0131kl\u0131\u011f\u0131 yaratan sonucun ve \u0130ran&#8217;la \u00e7at\u0131\u015fman\u0131n tamamlanmam\u0131\u015f sonucunun sorumlulu\u011funu \u00fcstlenme \u00e7abalar\u0131 olarak tan\u0131mlad\u0131\u011f\u0131 \u015fey nedeniyle ordu ve daha geni\u015f g\u00fcvenlik te\u015fkilat\u0131nda hayal k\u0131r\u0131kl\u0131\u011f\u0131n\u0131n artt\u0131\u011f\u0131 belirtildi. Yetkililer, mevcut s\u0131n\u0131rl\u0131 askeri harekat modelinin \u0130srail g\u00fc\u00e7lerini daha fazla sald\u0131r\u0131ya maruz b\u0131rakt\u0131\u011f\u0131 ve Hizbullah&#8217;\u0131n ate\u015fkes \u015fartlar\u0131ndan ve \u0130srail birliklerinin savunma duru\u015fundan yararlanmaya devam etmesi nedeniyle kuzeydeki topluluklar\u0131n g\u00fcvenli\u011fini sa\u011flayamad\u0131\u011f\u0131 konusunda uyard\u0131.<\/p>\n<p>Tecr\u00fcbeyi geli\u015ftirmek ve reklam g\u00f6r\u00fcnt\u00fclemek i\u00e7in \u00e7erezleri kullan\u0131yoruz (Google AdSense).<br \/>\n          &#8220;Kabul Et&#8221; se\u00e7ene\u011fine t\u0131klayarak \u00e7erezlerin a\u015fa\u011f\u0131daki \u015fartlara g\u00f6re kullan\u0131lmas\u0131n\u0131 kabul etmi\u015f olursunuz.<br \/>\n          Gizlilik Politikas\u0131<br \/>\n          ve<br \/>\n          \u00c7erez Politikas\u0131.<br \/>\n          &#8220;Reddet&#8221;i t\u0131klayarak gerekli olmayan \u00e7erezleri reddedebilirsiniz.<\/p>\n<hr style=\"margin:30px 0\">\n<p style=\"font-size:13px;color:#666\">Kaynak: <strong>prizrenpost<\/strong><\/p>\n","protected":false},"excerpt":{"rendered":"<p>Anadolu merkezli Israel Hayom gazetesinin Pazar g\u00fcnk\u00fc haberine g\u00f6re, \u00fcst d\u00fczey \u0130srailli askeri yetkililer, Ba\u015fbakan Binyamin Netanyahu&#8217;yu \u0130srail&#8217;in L\u00fcbnan&#8217;daki ba\u015far\u0131s\u0131zl\u0131klar\u0131 ve \u0130ran&#8217;la \u00e7at\u0131\u015fmas\u0131n\u0131n k\u0131smi sonu\u00e7lar\u0131 i\u00e7in bir g\u00fcnah ke\u00e7isi aramakla su\u00e7lad\u0131. Yetkililer, Netanyahu&#8217;nun orduya L\u00fcbnan&#8217;daki Hizbullah sald\u0131r\u0131lar\u0131na &#8220;g\u00fc\u00e7l\u00fc kar\u015f\u0131l\u0131k verme&#8221; talimat\u0131 verdi\u011fi y\u00f6n\u00fcndeki iddias\u0131n\u0131n yaln\u0131zca i\u00e7 bask\u0131y\u0131 hafifletmeyi ama\u00e7layan siyasi bir oyun oldu\u011funu ve orduda [&hellip;]<\/p>\n","protected":false},"author":1,"featured_media":42685,"comment_status":"open","ping_status":"open","sticky":false,"template":"","format":"standard","meta":{"footnotes":""},"categories":[24],"tags":[179],"class_list":["post-42684","post","type-post","status-publish","format-standard","has-post-thumbnail","hentry","category-dunya","tag-aktuel"],"views":3,"_links":{"self":[{"href":"https:\/\/prizrenpost.com\/tr\/wp-json\/wp\/v2\/posts\/42684","targetHints":{"allow":["GET"]}}],"collection":[{"href":"https:\/\/prizrenpost.com\/tr\/wp-json\/wp\/v2\/posts"}],"about":[{"href":"https:\/\/prizrenpost.com\/tr\/wp-json\/wp\/v2\/types\/post"}],"author":[{"embeddable":true,"href":"https:\/\/prizrenpost.com\/tr\/wp-json\/wp\/v2\/users\/1"}],"replies":[{"embeddable":true,"href":"https:\/\/prizrenpost.com\/tr\/wp-json\/wp\/v2\/comments?post=42684"}],"version-history":[{"count":1,"href":"https:\/\/prizrenpost.com\/tr\/wp-json\/wp\/v2\/posts\/42684\/revisions"}],"predecessor-version":[{"id":42686,"href":"https:\/\/prizrenpost.com\/tr\/wp-json\/wp\/v2\/posts\/42684\/revisions\/42686"}],"wp:featuredmedia":[{"embeddable":true,"href":"https:\/\/prizrenpost.com\/tr\/wp-json\/wp\/v2\/media\/42685"}],"wp:attachment":[{"href":"https:\/\/prizrenpost.com\/tr\/wp-json\/wp\/v2\/media?parent=42684"}],"wp:term":[{"taxonomy":"category","embeddable":true,"href":"https:\/\/prizrenpost.com\/tr\/wp-json\/wp\/v2\/categories?post=42684"},{"taxonomy":"post_tag","embeddable":true,"href":"https:\/\/prizrenpost.com\/tr\/wp-json\/wp\/v2\/tags?post=42684"}],"curies":[{"name":"wp","href":"https:\/\/api.w.org\/{rel}","templated":true}]}}