{"id":42690,"date":"2026-04-27T11:13:32","date_gmt":"2026-04-27T09:13:32","guid":{"rendered":"https:\/\/prizrenpost.com\/tr\/israil-15-filistinli-mahkumu-serbest-birakti-aclik-ve-iskence-izleri-bildirildi\/"},"modified":"2026-04-27T11:13:34","modified_gmt":"2026-04-27T09:13:34","slug":"israil-15-filistinli-mahkumu-serbest-birakti-aclik-ve-iskence-izleri-bildirildi","status":"publish","type":"post","link":"https:\/\/prizrenpost.com\/tr\/israil-15-filistinli-mahkumu-serbest-birakti-aclik-ve-iskence-izleri-bildirildi\/","title":{"rendered":"\u0130srail 15 Filistinli mahkumu serbest b\u0131rakt\u0131, a\u00e7l\u0131k ve i\u015fkence izleri bildirildi"},"content":{"rendered":"<p><img decoding=\"async\" src=\"https:\/\/prizrenpost.com\/tr\/wp-content\/uploads\/2026\/04\/1777232505833-vb8tz-ded25267f61238eb4073d71d4839d618207e5b5688dab6dbe1a5d014ae016738.jpg\" style=\"width:100%;height:auto;margin-bottom:20px\"><\/p>\n<p>\u0130srail, Kerem \u015ealom ge\u00e7i\u015f noktas\u0131 \u00fczerinden Gazze&#8217;den 15 Filistinli esiri serbest b\u0131rak\u0131rken, bunlardan baz\u0131lar\u0131n\u0131n fiziksel durumlar\u0131n\u0131n ciddi oldu\u011fu, a\u00e7l\u0131k belirtileri ve g\u00f6zle g\u00f6r\u00fcl\u00fcr yaralar g\u00f6r\u00fcld\u00fc\u011f\u00fc g\u00f6r\u00fcld\u00fc.<\/p>\n<p>Yerel kaynaklara g\u00f6re, serbest b\u0131rak\u0131lanlar Uluslararas\u0131 K\u0131z\u0131l Ha\u00e7 e\u015fli\u011finde Deir al-Balah&#8217;taki El Aksa \u015eehitler Hastanesi&#8217;ne nakledildi.<\/p>\n<p>Tan\u0131klar, serbest b\u0131rak\u0131lanlardan baz\u0131lar\u0131n\u0131n \u00e7ok zay\u0131f ve yorgun g\u00f6r\u00fcnd\u00fc\u011f\u00fcn\u00fc, di\u011ferlerinde ise fiziksel belirtilerin bulundu\u011funu s\u00f6yledi. <\/p>\n<p>Mahkumlar Medya Ofisi, \u0130srail hapishanelerindeki ko\u015fullarla ilgili endi\u015felerin artmaya devam etti\u011fi bir d\u00f6nemde, tahliyenin sa\u011fl\u0131k durumuyla ilgili ayr\u0131nt\u0131lar verilmeden ger\u00e7ekle\u015ftirildi\u011fini belirtti.<\/p>\n<p>Filistin verilerine g\u00f6re, aralar\u0131nda kad\u0131n ve \u00e7ocuklar\u0131n da bulundu\u011fu 9.600&#8217;den fazla Filistinli \u015fu anda \u0130srail hapishanelerinde bulunuyor. \u0130nsan haklar\u0131 \u00f6rg\u00fctleri ise yiyecek eksikli\u011fi, yetersiz t\u0131bbi tedavi ve i\u015fkence vakalar\u0131 gibi zorlu ko\u015fullar\u0131 bildirdi.<\/p>\n<p>Olay, Gazze&#8217;de ate\u015fkesin oldu\u011fu bir d\u00f6nemde ger\u00e7ekle\u015fti. Tutuklular\u0131n durumuna ili\u015fkin geli\u015fmeler uluslararas\u0131 alanda tepki ve endi\u015fe yaratmaya devam ediyor. \/message<\/p>\n<p>Tecr\u00fcbeyi geli\u015ftirmek ve reklamlar\u0131 g\u00f6r\u00fcnt\u00fclemek i\u00e7in \u00e7erezleri kullan\u0131r\u0131z (Google AdSense).<br \/>\n          &#8220;Kabul Et&#8221; se\u00e7ene\u011fine t\u0131klayarak \u00e7erezlerin a\u015fa\u011f\u0131daki \u015fartlara g\u00f6re kullan\u0131lmas\u0131n\u0131 kabul etmi\u015f olursunuz.<br \/>\n          Gizlilik Politikas\u0131<br \/>\n          ve<br \/>\n          \u00c7erez Politikas\u0131.<br \/>\n          &#8220;Reddet&#8221;i t\u0131klayarak gerekli olmayan \u00e7erezleri reddedebilirsiniz.<\/p>\n<hr style=\"margin:30px 0\">\n<p style=\"font-size:13px;color:#666\">Kaynak: <strong>prizrenpost<\/strong><\/p>\n","protected":false},"excerpt":{"rendered":"<p>\u0130srail, Kerem \u015ealom ge\u00e7i\u015f noktas\u0131 \u00fczerinden Gazze&#8217;den 15 Filistinli esiri serbest b\u0131rak\u0131rken, bunlardan baz\u0131lar\u0131n\u0131n fiziksel durumlar\u0131n\u0131n ciddi oldu\u011fu, a\u00e7l\u0131k belirtileri ve g\u00f6zle g\u00f6r\u00fcl\u00fcr yaralar g\u00f6r\u00fcld\u00fc\u011f\u00fc g\u00f6r\u00fcld\u00fc. Yerel kaynaklara g\u00f6re, serbest b\u0131rak\u0131lanlar Uluslararas\u0131 K\u0131z\u0131l Ha\u00e7 e\u015fli\u011finde Deir al-Balah&#8217;taki El Aksa \u015eehitler Hastanesi&#8217;ne nakledildi. Tan\u0131klar, serbest b\u0131rak\u0131lanlardan baz\u0131lar\u0131n\u0131n \u00e7ok zay\u0131f ve yorgun g\u00f6r\u00fcnd\u00fc\u011f\u00fcn\u00fc, di\u011ferlerinde ise fiziksel belirtilerin [&hellip;]<\/p>\n","protected":false},"author":1,"featured_media":42691,"comment_status":"open","ping_status":"open","sticky":false,"template":"","format":"standard","meta":{"footnotes":""},"categories":[24],"tags":[179],"class_list":["post-42690","post","type-post","status-publish","format-standard","has-post-thumbnail","hentry","category-dunya","tag-aktuel"],"views":4,"_links":{"self":[{"href":"https:\/\/prizrenpost.com\/tr\/wp-json\/wp\/v2\/posts\/42690","targetHints":{"allow":["GET"]}}],"collection":[{"href":"https:\/\/prizrenpost.com\/tr\/wp-json\/wp\/v2\/posts"}],"about":[{"href":"https:\/\/prizrenpost.com\/tr\/wp-json\/wp\/v2\/types\/post"}],"author":[{"embeddable":true,"href":"https:\/\/prizrenpost.com\/tr\/wp-json\/wp\/v2\/users\/1"}],"replies":[{"embeddable":true,"href":"https:\/\/prizrenpost.com\/tr\/wp-json\/wp\/v2\/comments?post=42690"}],"version-history":[{"count":1,"href":"https:\/\/prizrenpost.com\/tr\/wp-json\/wp\/v2\/posts\/42690\/revisions"}],"predecessor-version":[{"id":42692,"href":"https:\/\/prizrenpost.com\/tr\/wp-json\/wp\/v2\/posts\/42690\/revisions\/42692"}],"wp:featuredmedia":[{"embeddable":true,"href":"https:\/\/prizrenpost.com\/tr\/wp-json\/wp\/v2\/media\/42691"}],"wp:attachment":[{"href":"https:\/\/prizrenpost.com\/tr\/wp-json\/wp\/v2\/media?parent=42690"}],"wp:term":[{"taxonomy":"category","embeddable":true,"href":"https:\/\/prizrenpost.com\/tr\/wp-json\/wp\/v2\/categories?post=42690"},{"taxonomy":"post_tag","embeddable":true,"href":"https:\/\/prizrenpost.com\/tr\/wp-json\/wp\/v2\/tags?post=42690"}],"curies":[{"name":"wp","href":"https:\/\/api.w.org\/{rel}","templated":true}]}}