{"id":42696,"date":"2026-04-27T11:13:49","date_gmt":"2026-04-27T09:13:49","guid":{"rendered":"https:\/\/prizrenpost.com\/tr\/trump-iran-ateskes-gorusmeleri-icin-abd-ile-temasa-gecebilir\/"},"modified":"2026-04-27T11:13:55","modified_gmt":"2026-04-27T09:13:55","slug":"trump-iran-ateskes-gorusmeleri-icin-abd-ile-temasa-gecebilir","status":"publish","type":"post","link":"https:\/\/prizrenpost.com\/tr\/trump-iran-ateskes-gorusmeleri-icin-abd-ile-temasa-gecebilir\/","title":{"rendered":"Trump: \u0130ran, ate\u015fkes g\u00f6r\u00fc\u015fmeleri i\u00e7in ABD ile temasa ge\u00e7ebilir"},"content":{"rendered":"<p><img decoding=\"async\" src=\"https:\/\/prizrenpost.com\/tr\/wp-content\/uploads\/2026\/04\/1777220671678-nx22xv-8bd811b60ca4da53ee305c58c176f42477dc0cf439cf6c75063037a1157a7431-1.jpg\" style=\"width:100%;height:auto;margin-bottom:20px\"><\/p>\n<p>ABD Ba\u015fkan\u0131 Donald Trump, \u0130ran&#8217;\u0131n iki \u00fclke aras\u0131ndaki anla\u015fmazl\u0131\u011f\u0131n sona ermesi i\u00e7in m\u00fczakere yapmak istiyorsa ABD ile temasa ge\u00e7ebilece\u011fini belirtti.<\/p>\n<p>Trump, Fox News ile yapt\u0131\u011f\u0131 r\u00f6portajda &#8220;Konu\u015fmak isterlerse bize gelebilir veya bizi arayabilirler. G\u00fcvenli ileti\u015fim hatlar\u0131m\u0131z var.&#8221; dedi.<\/p>\n<p>Bu arada bar\u0131\u015f anla\u015fmas\u0131na varma \u00e7abalar\u0131 da zorluklarla kar\u015f\u0131la\u015ft\u0131. Trump, el\u00e7ileri Steve Witkoff ve Jared Kushner&#8217;\u0131n Pakistan ziyaretini iptal ederek diplomatik s\u00fcre\u00e7te yeni bir engel olu\u015fturdu.<\/p>\n<p>\u00d6te yandan \u0130ran d\u0131\u015fi\u015fleri bakan\u0131 Abbas Araghchi, \u0130slamabad&#8217;da yaln\u0131zca Pakistanl\u0131 yetkililerle g\u00f6r\u00fc\u015ft\u00fc ve ard\u0131ndan Amerikal\u0131 temsilcilerin yoklu\u011funda tekrar Pakistan&#8217;a d\u00f6nd\u00fc.<\/p>\n<p>ABD ile \u0130ran aras\u0131ndaki gerilim devam ederken, ate\u015fkes g\u00f6r\u00fc\u015fmeleri \u00e7\u0131kmaza girdi. \/message<\/p>\n<p>Tecr\u00fcbeyi geli\u015ftirmek ve reklamlar\u0131 g\u00f6r\u00fcnt\u00fclemek i\u00e7in \u00e7erezleri kullan\u0131r\u0131z (Google AdSense).<br \/>\n          &#8220;Kabul Et&#8221; se\u00e7ene\u011fine t\u0131klayarak \u00e7erezlerin a\u015fa\u011f\u0131daki \u015fartlara g\u00f6re kullan\u0131lmas\u0131n\u0131 kabul etmi\u015f olursunuz.<br \/>\n          Gizlilik Politikas\u0131<br \/>\n          ve<br \/>\n          \u00c7erez Politikas\u0131.<br \/>\n          &#8220;Reddet&#8221;i t\u0131klayarak gerekli olmayan \u00e7erezleri reddedebilirsiniz.<\/p>\n<hr style=\"margin:30px 0\">\n<p style=\"font-size:13px;color:#666\">Kaynak: <strong>prizrenpost<\/strong><\/p>\n","protected":false},"excerpt":{"rendered":"<p>ABD Ba\u015fkan\u0131 Donald Trump, \u0130ran&#8217;\u0131n iki \u00fclke aras\u0131ndaki anla\u015fmazl\u0131\u011f\u0131n sona ermesi i\u00e7in m\u00fczakere yapmak istiyorsa ABD ile temasa ge\u00e7ebilece\u011fini belirtti. Trump, Fox News ile yapt\u0131\u011f\u0131 r\u00f6portajda &#8220;Konu\u015fmak isterlerse bize gelebilir veya bizi arayabilirler. G\u00fcvenli ileti\u015fim hatlar\u0131m\u0131z var.&#8221; dedi. Bu arada bar\u0131\u015f anla\u015fmas\u0131na varma \u00e7abalar\u0131 da zorluklarla kar\u015f\u0131la\u015ft\u0131. Trump, el\u00e7ileri Steve Witkoff ve Jared Kushner&#8217;\u0131n Pakistan [&hellip;]<\/p>\n","protected":false},"author":1,"featured_media":42697,"comment_status":"open","ping_status":"open","sticky":false,"template":"","format":"standard","meta":{"footnotes":""},"categories":[24],"tags":[179],"class_list":["post-42696","post","type-post","status-publish","format-standard","has-post-thumbnail","hentry","category-dunya","tag-aktuel"],"views":4,"_links":{"self":[{"href":"https:\/\/prizrenpost.com\/tr\/wp-json\/wp\/v2\/posts\/42696","targetHints":{"allow":["GET"]}}],"collection":[{"href":"https:\/\/prizrenpost.com\/tr\/wp-json\/wp\/v2\/posts"}],"about":[{"href":"https:\/\/prizrenpost.com\/tr\/wp-json\/wp\/v2\/types\/post"}],"author":[{"embeddable":true,"href":"https:\/\/prizrenpost.com\/tr\/wp-json\/wp\/v2\/users\/1"}],"replies":[{"embeddable":true,"href":"https:\/\/prizrenpost.com\/tr\/wp-json\/wp\/v2\/comments?post=42696"}],"version-history":[{"count":1,"href":"https:\/\/prizrenpost.com\/tr\/wp-json\/wp\/v2\/posts\/42696\/revisions"}],"predecessor-version":[{"id":42698,"href":"https:\/\/prizrenpost.com\/tr\/wp-json\/wp\/v2\/posts\/42696\/revisions\/42698"}],"wp:featuredmedia":[{"embeddable":true,"href":"https:\/\/prizrenpost.com\/tr\/wp-json\/wp\/v2\/media\/42697"}],"wp:attachment":[{"href":"https:\/\/prizrenpost.com\/tr\/wp-json\/wp\/v2\/media?parent=42696"}],"wp:term":[{"taxonomy":"category","embeddable":true,"href":"https:\/\/prizrenpost.com\/tr\/wp-json\/wp\/v2\/categories?post=42696"},{"taxonomy":"post_tag","embeddable":true,"href":"https:\/\/prizrenpost.com\/tr\/wp-json\/wp\/v2\/tags?post=42696"}],"curies":[{"name":"wp","href":"https:\/\/api.w.org\/{rel}","templated":true}]}}