{"id":42699,"date":"2026-04-27T11:14:05","date_gmt":"2026-04-27T09:14:05","guid":{"rendered":"https:\/\/prizrenpost.com\/tr\/araghchi-islamabaddan-moskovaya-diplomatik-ataga-devam-ediyor\/"},"modified":"2026-04-27T11:14:12","modified_gmt":"2026-04-27T09:14:12","slug":"araghchi-islamabaddan-moskovaya-diplomatik-ataga-devam-ediyor","status":"publish","type":"post","link":"https:\/\/prizrenpost.com\/tr\/araghchi-islamabaddan-moskovaya-diplomatik-ataga-devam-ediyor\/","title":{"rendered":"Araghchi \u0130slamabad&#8217;dan Moskova&#8217;ya diplomatik ata\u011fa devam ediyor"},"content":{"rendered":"<p><img decoding=\"async\" src=\"https:\/\/prizrenpost.com\/tr\/wp-content\/uploads\/2026\/04\/Irans-foreign-minister-is-headed-to-Moscow-1.jpg\" style=\"width:100%;height:auto;margin-bottom:20px\"><\/p>\n<p>\u0130ran D\u0131\u015fi\u015fleri Bakan\u0131 Abbas Araghchi, Tahran ve Washington aras\u0131ndaki bar\u0131\u015f \u00e7abalar\u0131n\u0131n \u00e7\u0131kmaza girdi\u011fi bir d\u00f6nemde, b\u00f6lgeye yapt\u0131\u011f\u0131 bir dizi diplomatik ziyaretin ard\u0131ndan Moskova&#8217;ya gitti.<\/p>\n<p>Araghchi, Pakistan ve Umman&#8217;\u0131 ziyaret ederek burada Pakistan Genelkurmay Ba\u015fkan\u0131 As\u0131m M\u00fcnir, Ba\u015fbakan \u015eehbaz \u015eerif ve D\u0131\u015fi\u015fleri Bakan\u0131 \u0130shak Dar&#8217;\u0131n da aralar\u0131nda bulundu\u011fu \u00fcst d\u00fczey liderlerle g\u00f6r\u00fc\u015ft\u00fc.<\/p>\n<p>Bu g\u00f6r\u00fc\u015fmelerin ard\u0131ndan ge\u00e7ici olarak \u0130slamabad&#8217;a d\u00f6nd\u00fc ve ard\u0131ndan Moskova&#8217;ya do\u011fru yola \u00e7\u0131kt\u0131. \u00fcst d\u00fczey Rus yetkililerle g\u00f6r\u00fc\u015fmelerde bulundu.<\/p>\n<p>\u0130ran medyas\u0131na g\u00f6re Tahran, Pakistan&#8217;\u0131n arabuluculu\u011fu yoluyla ABD&#8217;ye n\u00fckleer meseleler ve H\u00fcrm\u00fcz Bo\u011faz\u0131 da dahil olmak \u00fczere k\u0131rm\u0131z\u0131 \u00e7izgileri belirleyen &#8220;yaz\u0131l\u0131 mesajlar&#8221; g\u00f6nderdi. Ancak bunlar resmi m\u00fczakerelerin bir par\u00e7as\u0131 olarak g\u00f6r\u00fclm\u00fcyor.<\/p>\n<p>Geli\u015fmeler, \u0130ran ile ABD aras\u0131ndaki do\u011frudan temaslar\u0131n ask\u0131ya al\u0131nd\u0131\u011f\u0131, gerilimi hafifletmeye y\u00f6nelik diplomatik \u00e7abalar\u0131n bir\u00e7ok cephede devam etti\u011fi bir d\u00f6nemde geldi. \/message<\/p>\n<p>Tecr\u00fcbeyi geli\u015ftirmek ve reklamlar\u0131 g\u00f6r\u00fcnt\u00fclemek i\u00e7in \u00e7erezleri kullan\u0131r\u0131z (Google AdSense).<br \/>\n          &#8220;Kabul Et&#8221; se\u00e7ene\u011fine t\u0131klayarak \u00e7erezlerin a\u015fa\u011f\u0131daki \u015fartlara g\u00f6re kullan\u0131lmas\u0131n\u0131 kabul etmi\u015f olursunuz.<br \/>\n          Gizlilik Politikas\u0131<br \/>\n          ve<br \/>\n          \u00c7erez Politikas\u0131.<br \/>\n          &#8220;Reddet&#8221;i t\u0131klayarak gerekli olmayan \u00e7erezleri reddedebilirsiniz.<\/p>\n<hr style=\"margin:30px 0\">\n<p style=\"font-size:13px;color:#666\">Kaynak: <strong>prizrenpost<\/strong><\/p>\n","protected":false},"excerpt":{"rendered":"<p>\u0130ran D\u0131\u015fi\u015fleri Bakan\u0131 Abbas Araghchi, Tahran ve Washington aras\u0131ndaki bar\u0131\u015f \u00e7abalar\u0131n\u0131n \u00e7\u0131kmaza girdi\u011fi bir d\u00f6nemde, b\u00f6lgeye yapt\u0131\u011f\u0131 bir dizi diplomatik ziyaretin ard\u0131ndan Moskova&#8217;ya gitti. Araghchi, Pakistan ve Umman&#8217;\u0131 ziyaret ederek burada Pakistan Genelkurmay Ba\u015fkan\u0131 As\u0131m M\u00fcnir, Ba\u015fbakan \u015eehbaz \u015eerif ve D\u0131\u015fi\u015fleri Bakan\u0131 \u0130shak Dar&#8217;\u0131n da aralar\u0131nda bulundu\u011fu \u00fcst d\u00fczey liderlerle g\u00f6r\u00fc\u015ft\u00fc. Bu g\u00f6r\u00fc\u015fmelerin ard\u0131ndan ge\u00e7ici [&hellip;]<\/p>\n","protected":false},"author":1,"featured_media":42700,"comment_status":"open","ping_status":"open","sticky":false,"template":"","format":"standard","meta":{"footnotes":""},"categories":[24],"tags":[179],"class_list":["post-42699","post","type-post","status-publish","format-standard","has-post-thumbnail","hentry","category-dunya","tag-aktuel"],"views":4,"_links":{"self":[{"href":"https:\/\/prizrenpost.com\/tr\/wp-json\/wp\/v2\/posts\/42699","targetHints":{"allow":["GET"]}}],"collection":[{"href":"https:\/\/prizrenpost.com\/tr\/wp-json\/wp\/v2\/posts"}],"about":[{"href":"https:\/\/prizrenpost.com\/tr\/wp-json\/wp\/v2\/types\/post"}],"author":[{"embeddable":true,"href":"https:\/\/prizrenpost.com\/tr\/wp-json\/wp\/v2\/users\/1"}],"replies":[{"embeddable":true,"href":"https:\/\/prizrenpost.com\/tr\/wp-json\/wp\/v2\/comments?post=42699"}],"version-history":[{"count":1,"href":"https:\/\/prizrenpost.com\/tr\/wp-json\/wp\/v2\/posts\/42699\/revisions"}],"predecessor-version":[{"id":42701,"href":"https:\/\/prizrenpost.com\/tr\/wp-json\/wp\/v2\/posts\/42699\/revisions\/42701"}],"wp:featuredmedia":[{"embeddable":true,"href":"https:\/\/prizrenpost.com\/tr\/wp-json\/wp\/v2\/media\/42700"}],"wp:attachment":[{"href":"https:\/\/prizrenpost.com\/tr\/wp-json\/wp\/v2\/media?parent=42699"}],"wp:term":[{"taxonomy":"category","embeddable":true,"href":"https:\/\/prizrenpost.com\/tr\/wp-json\/wp\/v2\/categories?post=42699"},{"taxonomy":"post_tag","embeddable":true,"href":"https:\/\/prizrenpost.com\/tr\/wp-json\/wp\/v2\/tags?post=42699"}],"curies":[{"name":"wp","href":"https:\/\/api.w.org\/{rel}","templated":true}]}}