{"id":42705,"date":"2026-04-27T12:40:42","date_gmt":"2026-04-27T10:40:42","guid":{"rendered":"https:\/\/prizrenpost.com\/tr\/avustralya-ve-guney-kore-tedarik-zincirindeki-oynakligi-tartisacak\/"},"modified":"2026-04-27T12:40:43","modified_gmt":"2026-04-27T10:40:43","slug":"avustralya-ve-guney-kore-tedarik-zincirindeki-oynakligi-tartisacak","status":"publish","type":"post","link":"https:\/\/prizrenpost.com\/tr\/avustralya-ve-guney-kore-tedarik-zincirindeki-oynakligi-tartisacak\/","title":{"rendered":"Avustralya ve G\u00fcney Kore tedarik zincirindeki oynakl\u0131\u011f\u0131 tart\u0131\u015facak"},"content":{"rendered":"<p><img decoding=\"async\" src=\"https:\/\/prizrenpost.com\/tr\/wp-content\/uploads\/2026\/04\/thumbs_b_c_df38b6fa5df10ff3a7d02a1c8477e527.jpg\" style=\"width:100%;height:auto;margin-bottom:20px\"><\/p>\n<p>Yonhap Haber Ajans\u0131&#8217;n\u0131n G\u00fcney Kore D\u0131\u015fi\u015fleri Bakanl\u0131\u011f\u0131&#8217;ndan al\u0131nt\u0131 yaparak bug\u00fcn bildirdi\u011fine g\u00f6re, Avustralya ve G\u00fcney Kore d\u0131\u015fi\u015fleri bakanlar\u0131, tedarik zinciri istikrars\u0131zl\u0131\u011f\u0131 ve Orta Do\u011fu krizi s\u0131ras\u0131nda artan savunma i\u015fbirli\u011fiyle ilgili konular\u0131 ele almak i\u00e7in bu hafta ortak \u00e7abalar hakk\u0131nda g\u00f6r\u00fc\u015fmelerde bulunacak.<\/p>\n<p>G\u00fcney Kore D\u0131\u015fi\u015fleri Bakan\u0131 Cho Hyun, Per\u015fembe g\u00fcn\u00fc Avustralyal\u0131 mevkida\u015f\u0131 Penny Wong ile Seul&#8217;de ikili g\u00f6r\u00fc\u015fmeler i\u00e7in bir araya gelecek. Bakanl\u0131k, yapt\u0131\u011f\u0131 a\u00e7\u0131klamada, her iki taraf\u0131n da Orta Do\u011fu&#8217;daki mevcut durum ve k\u00fcresel enerji kriziyle ilgili ortak zorluklar\u0131 ele almak i\u00e7in birlikte \u00e7al\u0131\u015fma kararl\u0131l\u0131\u011f\u0131n\u0131 yeniden teyit etmesinin beklendi\u011fini belirtti.<\/p>\n<p>Ayr\u0131ca savunma ve savunma sanayii sekt\u00f6rlerindeki i\u015f birli\u011fini derinle\u015ftirme \u00e7abalar\u0131n\u0131 da g\u00f6r\u00fc\u015fecekleri belirtildi.<\/p>\n<p>\u0130lgili bir geli\u015fmede, G\u00fcney Kore h\u00fck\u00fcmeti bug\u00fcn, sava\u015f\u0131n ortas\u0131nda y\u00fckselen petrol fiyatlar\u0131n\u0131n neden oldu\u011fu mali zorluklar\u0131 hafifletme \u00e7abalar\u0131 kapsam\u0131nda temel ge\u00e7im kayna\u011f\u0131 al\u0131c\u0131lar\u0131na ve di\u011fer savunmas\u0131z gruplara para yard\u0131m\u0131 da\u011f\u0131tmaya ba\u015flad\u0131. Ortado\u011fu&#8217;da.<\/p>\n<p>H\u00fck\u00fcmet, temel ge\u00e7im g\u00fcvenli\u011fi yararlan\u0131c\u0131lar\u0131na 550.000 won (374 $) ve tek ebeveynli ve d\u00fc\u015f\u00fck gelirli ailelere ki\u015fi ba\u015f\u0131na 450.000 won (306 $) tahsis edecek fon i\u00e7in ba\u015fvurular\u0131 kabul etmeye ba\u015flad\u0131. sosyal yard\u0131m yard\u0131m e\u015fi\u011finin \u00fczerinde.<\/p>\n<p>Tecr\u00fcbeyi geli\u015ftirmek ve reklam g\u00f6r\u00fcnt\u00fclemek (Google AdSense) i\u00e7in \u00e7erezleri kullan\u0131r\u0131z.<br \/>\n          &#8220;Kabul Et&#8221; se\u00e7ene\u011fine t\u0131klayarak \u00e7erezlerin a\u015fa\u011f\u0131daki \u015fartlara g\u00f6re kullan\u0131lmas\u0131n\u0131 kabul etmi\u015f olursunuz.<br \/>\n          Gizlilik Politikas\u0131<br \/>\n          ve<br \/>\n          \u00c7erez Politikas\u0131.<br \/>\n          &#8220;Reddet&#8221;i t\u0131klayarak gerekli olmayan \u00e7erezleri reddedebilirsiniz.<\/p>\n<hr style=\"margin:30px 0\">\n<p style=\"font-size:13px;color:#666\">Kaynak: <strong>prizrenpost<\/strong><\/p>\n","protected":false},"excerpt":{"rendered":"<p>Yonhap Haber Ajans\u0131&#8217;n\u0131n G\u00fcney Kore D\u0131\u015fi\u015fleri Bakanl\u0131\u011f\u0131&#8217;ndan al\u0131nt\u0131 yaparak bug\u00fcn bildirdi\u011fine g\u00f6re, Avustralya ve G\u00fcney Kore d\u0131\u015fi\u015fleri bakanlar\u0131, tedarik zinciri istikrars\u0131zl\u0131\u011f\u0131 ve Orta Do\u011fu krizi s\u0131ras\u0131nda artan savunma i\u015fbirli\u011fiyle ilgili konular\u0131 ele almak i\u00e7in bu hafta ortak \u00e7abalar hakk\u0131nda g\u00f6r\u00fc\u015fmelerde bulunacak. G\u00fcney Kore D\u0131\u015fi\u015fleri Bakan\u0131 Cho Hyun, Per\u015fembe g\u00fcn\u00fc Avustralyal\u0131 mevkida\u015f\u0131 Penny Wong ile Seul&#8217;de [&hellip;]<\/p>\n","protected":false},"author":1,"featured_media":42706,"comment_status":"open","ping_status":"open","sticky":false,"template":"","format":"standard","meta":{"footnotes":""},"categories":[24],"tags":[179],"class_list":["post-42705","post","type-post","status-publish","format-standard","has-post-thumbnail","hentry","category-dunya","tag-aktuel"],"views":6,"_links":{"self":[{"href":"https:\/\/prizrenpost.com\/tr\/wp-json\/wp\/v2\/posts\/42705","targetHints":{"allow":["GET"]}}],"collection":[{"href":"https:\/\/prizrenpost.com\/tr\/wp-json\/wp\/v2\/posts"}],"about":[{"href":"https:\/\/prizrenpost.com\/tr\/wp-json\/wp\/v2\/types\/post"}],"author":[{"embeddable":true,"href":"https:\/\/prizrenpost.com\/tr\/wp-json\/wp\/v2\/users\/1"}],"replies":[{"embeddable":true,"href":"https:\/\/prizrenpost.com\/tr\/wp-json\/wp\/v2\/comments?post=42705"}],"version-history":[{"count":1,"href":"https:\/\/prizrenpost.com\/tr\/wp-json\/wp\/v2\/posts\/42705\/revisions"}],"predecessor-version":[{"id":42707,"href":"https:\/\/prizrenpost.com\/tr\/wp-json\/wp\/v2\/posts\/42705\/revisions\/42707"}],"wp:featuredmedia":[{"embeddable":true,"href":"https:\/\/prizrenpost.com\/tr\/wp-json\/wp\/v2\/media\/42706"}],"wp:attachment":[{"href":"https:\/\/prizrenpost.com\/tr\/wp-json\/wp\/v2\/media?parent=42705"}],"wp:term":[{"taxonomy":"category","embeddable":true,"href":"https:\/\/prizrenpost.com\/tr\/wp-json\/wp\/v2\/categories?post=42705"},{"taxonomy":"post_tag","embeddable":true,"href":"https:\/\/prizrenpost.com\/tr\/wp-json\/wp\/v2\/tags?post=42705"}],"curies":[{"name":"wp","href":"https:\/\/api.w.org\/{rel}","templated":true}]}}