{"id":42726,"date":"2026-04-27T13:16:38","date_gmt":"2026-04-27T11:16:38","guid":{"rendered":"https:\/\/prizrenpost.com\/tr\/gilandaki-ksf-kislasi-yakinlarinda-ciddi-kaza\/"},"modified":"2026-04-27T13:16:40","modified_gmt":"2026-04-27T11:16:40","slug":"gilandaki-ksf-kislasi-yakinlarinda-ciddi-kaza","status":"publish","type":"post","link":"https:\/\/prizrenpost.com\/tr\/gilandaki-ksf-kislasi-yakinlarinda-ciddi-kaza\/","title":{"rendered":"Gilan&#8217;daki KSF k\u0131\u015flas\u0131 yak\u0131nlar\u0131nda ciddi kaza"},"content":{"rendered":"<p><img decoding=\"async\" src=\"https:\/\/prizrenpost.com\/tr\/wp-content\/uploads\/2026\/04\/lajmi-i-fundit-policia-aksident-1-1.jpeg\" style=\"width:100%;height:auto;margin-bottom:20px\"><\/p>\n<p>Pazar ak\u015fam\u0131 Gilan&#8217;daki KSF k\u0131\u015flas\u0131 yak\u0131nlar\u0131nda bir trafik kazas\u0131 kaydedildi.<\/p>\n<p>Gjilan b\u00f6lgesi polisi s\u00f6zc\u00fcs\u00fc \u0130smet Hashani, Klankosova.tv&#8217;ye bir yolcunun hafif yaraland\u0131\u011f\u0131n\u0131 s\u00f6yledi.<\/p>\n<p>Polis bilgilerine g\u00f6re s\u00fcr\u00fcc\u00fcn\u00fcn yoldan \u00e7\u0131karak direksiyon hakimiyetini kaybetti\u011finden \u015f\u00fcpheleniliyor.<\/p>\n<p>Yaral\u0131 ki\u015fi acilen acil servise nakledildi. Durum savc\u0131ya bildirilene kadar Gilan&#8217;daki b\u00f6lgesel hastane.<\/p>\n<p>B\u00f6lgesel trafik birimleri bu kazan\u0131n nas\u0131l meydana geldi\u011fine ili\u015fkin ko\u015fullar\u0131 ara\u015ft\u0131r\u0131yor.<\/p>\n<p>Deneyimi geli\u015ftirmek ve reklamlar\u0131 g\u00f6r\u00fcnt\u00fclemek i\u00e7in \u00e7erezleri kullan\u0131yoruz (Google AdSense).<br \/>\n          &#8220;Kabul Et&#8221; se\u00e7ene\u011fine t\u0131klayarak \u00e7erezlerin a\u015fa\u011f\u0131daki \u015fartlara g\u00f6re kullan\u0131lmas\u0131n\u0131 kabul etmi\u015f olursunuz.<br \/>\n          Gizlilik Politikas\u0131<br \/>\n          ve<br \/>\n          \u00c7erez Politikas\u0131.<br \/>\n          &#8220;Reddet&#8221;i t\u0131klayarak gerekli olmayan \u00e7erezleri reddedebilirsiniz.<\/p>\n<hr style=\"margin:30px 0\">\n<p style=\"font-size:13px;color:#666\">Kaynak: <strong>prizrenpost<\/strong><\/p>\n","protected":false},"excerpt":{"rendered":"<p>Pazar ak\u015fam\u0131 Gilan&#8217;daki KSF k\u0131\u015flas\u0131 yak\u0131nlar\u0131nda bir trafik kazas\u0131 kaydedildi. Gjilan b\u00f6lgesi polisi s\u00f6zc\u00fcs\u00fc \u0130smet Hashani, Klankosova.tv&#8217;ye bir yolcunun hafif yaraland\u0131\u011f\u0131n\u0131 s\u00f6yledi. Polis bilgilerine g\u00f6re s\u00fcr\u00fcc\u00fcn\u00fcn yoldan \u00e7\u0131karak direksiyon hakimiyetini kaybetti\u011finden \u015f\u00fcpheleniliyor. Yaral\u0131 ki\u015fi acilen acil servise nakledildi. Durum savc\u0131ya bildirilene kadar Gilan&#8217;daki b\u00f6lgesel hastane. B\u00f6lgesel trafik birimleri bu kazan\u0131n nas\u0131l meydana geldi\u011fine ili\u015fkin ko\u015fullar\u0131 [&hellip;]<\/p>\n","protected":false},"author":1,"featured_media":42727,"comment_status":"open","ping_status":"open","sticky":false,"template":"","format":"standard","meta":{"footnotes":""},"categories":[17],"tags":[],"class_list":["post-42726","post","type-post","status-publish","format-standard","has-post-thumbnail","hentry","category-adli"],"views":5,"_links":{"self":[{"href":"https:\/\/prizrenpost.com\/tr\/wp-json\/wp\/v2\/posts\/42726","targetHints":{"allow":["GET"]}}],"collection":[{"href":"https:\/\/prizrenpost.com\/tr\/wp-json\/wp\/v2\/posts"}],"about":[{"href":"https:\/\/prizrenpost.com\/tr\/wp-json\/wp\/v2\/types\/post"}],"author":[{"embeddable":true,"href":"https:\/\/prizrenpost.com\/tr\/wp-json\/wp\/v2\/users\/1"}],"replies":[{"embeddable":true,"href":"https:\/\/prizrenpost.com\/tr\/wp-json\/wp\/v2\/comments?post=42726"}],"version-history":[{"count":1,"href":"https:\/\/prizrenpost.com\/tr\/wp-json\/wp\/v2\/posts\/42726\/revisions"}],"predecessor-version":[{"id":42728,"href":"https:\/\/prizrenpost.com\/tr\/wp-json\/wp\/v2\/posts\/42726\/revisions\/42728"}],"wp:featuredmedia":[{"embeddable":true,"href":"https:\/\/prizrenpost.com\/tr\/wp-json\/wp\/v2\/media\/42727"}],"wp:attachment":[{"href":"https:\/\/prizrenpost.com\/tr\/wp-json\/wp\/v2\/media?parent=42726"}],"wp:term":[{"taxonomy":"category","embeddable":true,"href":"https:\/\/prizrenpost.com\/tr\/wp-json\/wp\/v2\/categories?post=42726"},{"taxonomy":"post_tag","embeddable":true,"href":"https:\/\/prizrenpost.com\/tr\/wp-json\/wp\/v2\/tags?post=42726"}],"curies":[{"name":"wp","href":"https:\/\/api.w.org\/{rel}","templated":true}]}}