{"id":42732,"date":"2026-04-27T13:16:44","date_gmt":"2026-04-27T11:16:44","guid":{"rendered":"https:\/\/prizrenpost.com\/tr\/23-yasinda-bir-adam-pristinede-ciddi-hirsizlik-sucundan-tutuklandi\/"},"modified":"2026-04-27T13:16:45","modified_gmt":"2026-04-27T11:16:45","slug":"23-yasinda-bir-adam-pristinede-ciddi-hirsizlik-sucundan-tutuklandi","status":"publish","type":"post","link":"https:\/\/prizrenpost.com\/tr\/23-yasinda-bir-adam-pristinede-ciddi-hirsizlik-sucundan-tutuklandi\/","title":{"rendered":"23 ya\u015f\u0131nda bir adam Pri\u015ftine&#8217;de ciddi h\u0131rs\u0131zl\u0131k su\u00e7undan tutukland\u0131"},"content":{"rendered":"<p><img decoding=\"async\" src=\"https:\/\/prizrenpost.com\/tr\/wp-content\/uploads\/2026\/04\/arrestimi-1-2.jpg\" style=\"width:100%;height:auto;margin-bottom:20px\">R.K ba\u015f harfleri ta\u015f\u0131yan 23 ya\u015f\u0131ndaki bir erkek, Pri\u015ftine&#8217;de &#8220;H\u0131rs\u0131zl\u0131k&#8221; su\u00e7undan tutukland\u0131. Klankosova.tv&#8217;nin haberine g\u00f6re, polise g\u00f6re gen\u00e7 adam\u0131n Pri\u015ftine&#8217;deki bir evde ciddi h\u0131rs\u0131zl\u0131k yapt\u0131\u011f\u0131ndan \u015f\u00fcpheleniliyor. 23 ya\u015f\u0131ndaki gen\u00e7, Devlet Savc\u0131s\u0131 ile koordineli olarak ifadeye al\u0131nd\u0131 \u200b\u200bve ard\u0131ndan 48 saat s\u00fcreyle g\u00f6zalt\u0131na al\u0131nd\u0131. Bu arada, sonra [&#8230;]<\/p>\n<hr style=\"margin:30px 0\">\n<p style=\"font-size:13px;color:#666\">Kaynak: <strong>prizrenpost<\/strong><\/p>\n","protected":false},"excerpt":{"rendered":"<p>R.K ba\u015f harfleri ta\u015f\u0131yan 23 ya\u015f\u0131ndaki bir erkek, Pri\u015ftine&#8217;de &#8220;H\u0131rs\u0131zl\u0131k&#8221; su\u00e7undan tutukland\u0131. Klankosova.tv&#8217;nin haberine g\u00f6re, polise g\u00f6re gen\u00e7 adam\u0131n Pri\u015ftine&#8217;deki bir evde ciddi h\u0131rs\u0131zl\u0131k yapt\u0131\u011f\u0131ndan \u015f\u00fcpheleniliyor. 23 ya\u015f\u0131ndaki gen\u00e7, Devlet Savc\u0131s\u0131 ile koordineli olarak ifadeye al\u0131nd\u0131 \u200b\u200bve ard\u0131ndan 48 saat s\u00fcreyle g\u00f6zalt\u0131na al\u0131nd\u0131. Bu arada, sonra [&#8230;] Kaynak: prizrenpost<\/p>\n","protected":false},"author":1,"featured_media":42733,"comment_status":"open","ping_status":"open","sticky":false,"template":"","format":"standard","meta":{"footnotes":""},"categories":[17],"tags":[],"class_list":["post-42732","post","type-post","status-publish","format-standard","has-post-thumbnail","hentry","category-adli"],"views":5,"_links":{"self":[{"href":"https:\/\/prizrenpost.com\/tr\/wp-json\/wp\/v2\/posts\/42732","targetHints":{"allow":["GET"]}}],"collection":[{"href":"https:\/\/prizrenpost.com\/tr\/wp-json\/wp\/v2\/posts"}],"about":[{"href":"https:\/\/prizrenpost.com\/tr\/wp-json\/wp\/v2\/types\/post"}],"author":[{"embeddable":true,"href":"https:\/\/prizrenpost.com\/tr\/wp-json\/wp\/v2\/users\/1"}],"replies":[{"embeddable":true,"href":"https:\/\/prizrenpost.com\/tr\/wp-json\/wp\/v2\/comments?post=42732"}],"version-history":[{"count":1,"href":"https:\/\/prizrenpost.com\/tr\/wp-json\/wp\/v2\/posts\/42732\/revisions"}],"predecessor-version":[{"id":42734,"href":"https:\/\/prizrenpost.com\/tr\/wp-json\/wp\/v2\/posts\/42732\/revisions\/42734"}],"wp:featuredmedia":[{"embeddable":true,"href":"https:\/\/prizrenpost.com\/tr\/wp-json\/wp\/v2\/media\/42733"}],"wp:attachment":[{"href":"https:\/\/prizrenpost.com\/tr\/wp-json\/wp\/v2\/media?parent=42732"}],"wp:term":[{"taxonomy":"category","embeddable":true,"href":"https:\/\/prizrenpost.com\/tr\/wp-json\/wp\/v2\/categories?post=42732"},{"taxonomy":"post_tag","embeddable":true,"href":"https:\/\/prizrenpost.com\/tr\/wp-json\/wp\/v2\/tags?post=42732"}],"curies":[{"name":"wp","href":"https:\/\/api.w.org\/{rel}","templated":true}]}}