{"id":42738,"date":"2026-04-27T13:30:41","date_gmt":"2026-04-27T11:30:41","guid":{"rendered":"https:\/\/prizrenpost.com\/tr\/sorusturma-rusya-ukraynadan-caldigi-milyonlarca-ton-bugdayi-israile-nasil-kaciriyor\/"},"modified":"2026-04-27T13:30:42","modified_gmt":"2026-04-27T11:30:42","slug":"sorusturma-rusya-ukraynadan-caldigi-milyonlarca-ton-bugdayi-israile-nasil-kaciriyor","status":"publish","type":"post","link":"https:\/\/prizrenpost.com\/tr\/sorusturma-rusya-ukraynadan-caldigi-milyonlarca-ton-bugdayi-israile-nasil-kaciriyor\/","title":{"rendered":"Soru\u015fturma\/Rusya, Ukrayna&#8217;dan \u00e7ald\u0131\u011f\u0131 milyonlarca ton bu\u011fday\u0131 \u0130srail&#8217;e nas\u0131l ka\u00e7\u0131r\u0131yor?"},"content":{"rendered":"<p><img decoding=\"async\" src=\"https:\/\/prizrenpost.com\/tr\/wp-content\/uploads\/2026\/04\/686a2817.jpg\" style=\"width:100%;height:auto;margin-bottom:20px\"><\/p>\n<p>Haaretz: Karadeniz&#8217;deki gizli operasyonlar Kremlin&#8217;in sava\u015f makinesini \u0130srail pazar\u0131 \u00fczerinden finanse ediyor.<\/p>\n<p>Bu hafta yay\u0131nlanan derinlemesine bir ara\u015ft\u0131rma, Rusya&#8217;n\u0131n Ukrayna&#8217;n\u0131n i\u015fgal alt\u0131ndaki topraklar\u0131ndan \u00e7al\u0131nan tah\u0131llar\u0131 \u0130srail&#8217;e satt\u0131\u011f\u0131 karma\u015f\u0131k bir ka\u00e7ak\u00e7\u0131l\u0131k plan\u0131na \u0131\u015f\u0131k tuttu.<\/p>\n<p>Bu gizli operasyondan elde edilen k\u00e2rlar\u0131n do\u011frudan Vladimir Putin&#8217;in sava\u015f makinesini finanse etmek i\u00e7in kullan\u0131ld\u0131\u011f\u0131 bildiriliyor. Haaretz&#8217;in haberine g\u00f6re, Rus bayra\u011f\u0131 alt\u0131nda seyreden kargo gemisi &#8220;Abinsk&#8221;, yak\u0131n zamanda milyonlarca dolar de\u011ferindeki tah\u0131l y\u00fckl\u00fc Hayfa liman\u0131na yana\u015ft\u0131.<\/p>\n<p>G\u00f6r\u00fcn\u00fc\u015fte normal bir gemi olmas\u0131na ra\u011fmen, Kiev h\u00fck\u00fcmeti \u0130srail yetkililerini kargonun i\u015fgal alt\u0131ndaki topraklardan \u00e7al\u0131nd\u0131\u011f\u0131 konusunda resmen uyarm\u0131\u015ft\u0131. Ancak uyar\u0131ya ra\u011fmen geminin kargoyu yerel pazarda bo\u015faltmas\u0131na izin verildi.<\/p>\n<p>Gazetecilik ara\u015ft\u0131rmas\u0131, bunun m\u00fcnferit bir durum olmad\u0131\u011f\u0131n\u0131, b\u00fcy\u00fcyen bir e\u011filim oldu\u011funu ortaya koyuyor. Rusya, uluslararas\u0131 yapt\u0131r\u0131mlar\u0131 a\u015fmak i\u00e7in karma\u015f\u0131k bir gizleme protokol\u00fc geli\u015ftirdi.<\/p>\n<p>Gemiler Rus limanlar\u0131nda y\u00fckleme yapm\u0131yor, ancak Ker\u00e7 Bo\u011faz\u0131 yak\u0131n\u0131nda a\u00e7\u0131k denizde gemiden gemiye (STS) operasyonlar\u0131 kullan\u0131yor.<\/p>\n<p>Haaretz&#8217;in edindi\u011fi belgelere g\u00f6re nakliye gemileri, tah\u0131l al\u0131rken takip sistemlerine g\u00f6r\u00fcnmez olmak i\u00e7in transponderlerini (AIS sistemi) kapat\u0131yor. y\u00fczen ah\u0131rlardan veya do\u011frudan i\u015fgal alt\u0131ndaki K\u0131r\u0131m&#8217;dan gelen daha k\u00fc\u00e7\u00fck gemilerden.<\/p>\n<p>Y\u00fckleme tamamland\u0131ktan sonra telsizlerini tekrar a\u00e7arak var\u0131\u015f yerini \u0130srail&#8217;e bildiriyorlar ve sanki bu\u011fday\u0131n kayna\u011f\u0131 Sibirya&#8217;ym\u0131\u015f gibi sahte belgeler sunuyorlar. Uydu g\u00f6r\u00fcnt\u00fcleriyle belgelenen bir di\u011fer vahim olay da &#8220;St.Olga&#8221; gemisidir.<\/p>\n<p>Temmuz 2023&#8217;te bu gemi A\u015fdod liman\u0131na 27.000 ton bu\u011fday bo\u015faltt\u0131. Haaretz soru\u015fturmas\u0131, izleme verileri arac\u0131l\u0131\u011f\u0131yla, St.Olga&#8217;n\u0131n, K\u0131r\u0131m&#8217;\u0131n Sevastopol kentindeki Avlita terminalinde y\u00fcklenen uydular taraf\u0131ndan foto\u011fraflanan Rus gemisi Matros Pozynich&#8217;ten a\u00e7\u0131k denizdeki kargoyu ald\u0131\u011f\u0131n\u0131 do\u011frulad\u0131.<\/p>\n<p>Ukrayna bu durumdan derin ho\u015fnutsuzlu\u011funu dile getirdi. Kiev h\u00fck\u00fcmeti, i\u015fgalin ba\u015flang\u0131c\u0131ndan bu yana Ukrayna \u00e7iftliklerinden en az 15 milyon ton bu\u011fday\u0131n \u00e7al\u0131nd\u0131\u011f\u0131n\u0131 vurgulayarak &#8220;\u0130srail&#8217;in \u00e7al\u0131nt\u0131 mallar\u0131n ithalat\u0131na izin vermesi kabul edilemez&#8221; dedi.<\/p>\n<p>\u00d6te yandan \u0130srailli al\u0131c\u0131lar, Rus belgeleri d\u00fczenli g\u00f6r\u00fcnd\u00fc\u011f\u00fcnde \u00fcr\u00fcn\u00fcn kesin men\u015feini do\u011frulaman\u0131n imkans\u0131z oldu\u011funu s\u00f6yleyerek kendilerini savunuyorlar. Ancak Haaretz&#8217;in belirtti\u011fi gibi, Rusya&#8217;n\u0131n dahili kay\u0131tlar\u0131nda nihai var\u0131\u015f noktas\u0131 \u0130srail olan 30&#8217;dan fazla sevkiyat listeleniyor ve bu da Rus t\u00fcccarlar\u0131n &#8220;s\u00fcrecinin gizlili\u011finden memnun olduklar\u0131n\u0131&#8221; do\u011fruluyor.<\/p>\n<p>\u015eu ana kadar \u0130srail D\u0131\u015fi\u015fleri Bakanl\u0131\u011f\u0131 ka\u00e7amak bir yan\u0131t verdi ve yaln\u0131zca Ukrayna taraf\u0131yla ileti\u015fimin diplomatik kanallar arac\u0131l\u0131\u011f\u0131yla devam etti\u011fini \u00f6ne s\u00fcrd\u00fc. Bu arada ba\u015fka bir \u015f\u00fcpheli geminin bu Pazar g\u00fcn\u00fc Hayfa K\u00f6rfezi&#8217;ne gelerek Ukrayna tarlalar\u0131ndan \u00e7al\u0131nan &#8220;siyah alt\u0131n\u0131&#8221; bo\u015faltmak i\u00e7in s\u0131ras\u0131n\u0131 bekledi\u011fi bildirildi. \/tesheshi.com\/<\/p>\n<p>Tecr\u00fcbeyi geli\u015ftirmek ve reklamlar\u0131 g\u00f6r\u00fcnt\u00fclemek i\u00e7in \u00e7erezleri kullan\u0131yoruz (Google AdSense).<br \/>\n          &#8220;Kabul Et&#8221; se\u00e7ene\u011fine t\u0131klayarak \u00e7erezlerin a\u015fa\u011f\u0131daki \u015fartlara g\u00f6re kullan\u0131lmas\u0131n\u0131 kabul etmi\u015f olursunuz.<br \/>\n          Gizlilik Politikas\u0131<br \/>\n          ve<br \/>\n          \u00c7erez Politikas\u0131.<br \/>\n          &#8220;Reddet&#8221;i t\u0131klayarak gerekli olmayan \u00e7erezleri reddedebilirsiniz.<\/p>\n<hr style=\"margin:30px 0\">\n<p style=\"font-size:13px;color:#666\">Kaynak: <strong>prizrenpost<\/strong><\/p>\n","protected":false},"excerpt":{"rendered":"<p>Haaretz: Karadeniz&#8217;deki gizli operasyonlar Kremlin&#8217;in sava\u015f makinesini \u0130srail pazar\u0131 \u00fczerinden finanse ediyor. Bu hafta yay\u0131nlanan derinlemesine bir ara\u015ft\u0131rma, Rusya&#8217;n\u0131n Ukrayna&#8217;n\u0131n i\u015fgal alt\u0131ndaki topraklar\u0131ndan \u00e7al\u0131nan tah\u0131llar\u0131 \u0130srail&#8217;e satt\u0131\u011f\u0131 karma\u015f\u0131k bir ka\u00e7ak\u00e7\u0131l\u0131k plan\u0131na \u0131\u015f\u0131k tuttu. Bu gizli operasyondan elde edilen k\u00e2rlar\u0131n do\u011frudan Vladimir Putin&#8217;in sava\u015f makinesini finanse etmek i\u00e7in kullan\u0131ld\u0131\u011f\u0131 bildiriliyor. Haaretz&#8217;in haberine g\u00f6re, Rus bayra\u011f\u0131 alt\u0131nda [&hellip;]<\/p>\n","protected":false},"author":1,"featured_media":42739,"comment_status":"open","ping_status":"open","sticky":false,"template":"","format":"standard","meta":{"footnotes":""},"categories":[24],"tags":[179],"class_list":["post-42738","post","type-post","status-publish","format-standard","has-post-thumbnail","hentry","category-dunya","tag-aktuel"],"views":4,"_links":{"self":[{"href":"https:\/\/prizrenpost.com\/tr\/wp-json\/wp\/v2\/posts\/42738","targetHints":{"allow":["GET"]}}],"collection":[{"href":"https:\/\/prizrenpost.com\/tr\/wp-json\/wp\/v2\/posts"}],"about":[{"href":"https:\/\/prizrenpost.com\/tr\/wp-json\/wp\/v2\/types\/post"}],"author":[{"embeddable":true,"href":"https:\/\/prizrenpost.com\/tr\/wp-json\/wp\/v2\/users\/1"}],"replies":[{"embeddable":true,"href":"https:\/\/prizrenpost.com\/tr\/wp-json\/wp\/v2\/comments?post=42738"}],"version-history":[{"count":1,"href":"https:\/\/prizrenpost.com\/tr\/wp-json\/wp\/v2\/posts\/42738\/revisions"}],"predecessor-version":[{"id":42740,"href":"https:\/\/prizrenpost.com\/tr\/wp-json\/wp\/v2\/posts\/42738\/revisions\/42740"}],"wp:featuredmedia":[{"embeddable":true,"href":"https:\/\/prizrenpost.com\/tr\/wp-json\/wp\/v2\/media\/42739"}],"wp:attachment":[{"href":"https:\/\/prizrenpost.com\/tr\/wp-json\/wp\/v2\/media?parent=42738"}],"wp:term":[{"taxonomy":"category","embeddable":true,"href":"https:\/\/prizrenpost.com\/tr\/wp-json\/wp\/v2\/categories?post=42738"},{"taxonomy":"post_tag","embeddable":true,"href":"https:\/\/prizrenpost.com\/tr\/wp-json\/wp\/v2\/tags?post=42738"}],"curies":[{"name":"wp","href":"https:\/\/api.w.org\/{rel}","templated":true}]}}