{"id":42747,"date":"2026-04-27T13:40:43","date_gmt":"2026-04-27T11:40:43","guid":{"rendered":"https:\/\/prizrenpost.com\/tr\/sirp-casus-jelena-cukanovic-6-yil-hapis-cezasina-carptirildi\/"},"modified":"2026-04-27T13:40:44","modified_gmt":"2026-04-27T11:40:44","slug":"sirp-casus-jelena-cukanovic-6-yil-hapis-cezasina-carptirildi","status":"publish","type":"post","link":"https:\/\/prizrenpost.com\/tr\/sirp-casus-jelena-cukanovic-6-yil-hapis-cezasina-carptirildi\/","title":{"rendered":"S\u0131rp casus Jelena Cukanovi\u00e7 6 y\u0131l hapis cezas\u0131na \u00e7arpt\u0131r\u0131ld\u0131"},"content":{"rendered":"<p><img decoding=\"async\" src=\"https:\/\/prizrenpost.com\/tr\/wp-content\/uploads\/2026\/04\/678987920_966259522772231_3901823145055480454_n.jpg\" style=\"width:100%;height:auto;margin-bottom:20px\"><\/p>\n<p>Pri\u015ftine Temel Mahkemesi&#8217;nde, casusluk su\u00e7undan 6 y\u0131l hapis cezas\u0131na \u00e7arpt\u0131r\u0131lan eski AG\u0130T \u00e7al\u0131\u015fan\u0131 Jelena Djukanovi\u0107 hakk\u0131nda karar a\u00e7\u0131kland\u0131.<\/p>\n<p>Son s\u00f6z olarak, g\u00fcvenlik alan\u0131nda Kosova&#8217;da g\u00f6r\u00fclen en \u00f6nemli davalardan biri olarak kabul edilen bu dava.<\/p>\n<p>S\u0131rp casuslar\u0131 aras\u0131ndaki belgeler ve ileti\u015fimler, uluslararas\u0131 alanda Kosova&#8217;ya y\u00f6nelik bilgi etkisini g\u00f6stermeye devam ediyor; S\u0131rp BIA ve AG\u0130T ile ilgili raporlar.<\/p>\n<p>Tecr\u00fcbeyi geli\u015ftirmek ve reklam g\u00f6r\u00fcnt\u00fclemek (Google AdSense) i\u00e7in \u00e7erezleri kullan\u0131yoruz.<br \/>\n          &#8220;Kabul Et&#8221; se\u00e7ene\u011fine t\u0131klayarak \u00e7erezlerin a\u015fa\u011f\u0131daki \u015fartlara g\u00f6re kullan\u0131lmas\u0131n\u0131 kabul etmi\u015f olursunuz.<br \/>\n          Gizlilik Politikas\u0131<br \/>\n          ve<br \/>\n          \u00c7erez Politikas\u0131.<br \/>\n          &#8220;Reddet&#8221;i t\u0131klayarak gerekli olmayan \u00e7erezleri reddedebilirsiniz.<\/p>\n<hr style=\"margin:30px 0\">\n<p style=\"font-size:13px;color:#666\">Kaynak: <strong>prizrenpost<\/strong><\/p>\n","protected":false},"excerpt":{"rendered":"<p>Pri\u015ftine Temel Mahkemesi&#8217;nde, casusluk su\u00e7undan 6 y\u0131l hapis cezas\u0131na \u00e7arpt\u0131r\u0131lan eski AG\u0130T \u00e7al\u0131\u015fan\u0131 Jelena Djukanovi\u0107 hakk\u0131nda karar a\u00e7\u0131kland\u0131. Son s\u00f6z olarak, g\u00fcvenlik alan\u0131nda Kosova&#8217;da g\u00f6r\u00fclen en \u00f6nemli davalardan biri olarak kabul edilen bu dava. S\u0131rp casuslar\u0131 aras\u0131ndaki belgeler ve ileti\u015fimler, uluslararas\u0131 alanda Kosova&#8217;ya y\u00f6nelik bilgi etkisini g\u00f6stermeye devam ediyor; S\u0131rp BIA ve AG\u0130T ile ilgili [&hellip;]<\/p>\n","protected":false},"author":1,"featured_media":42748,"comment_status":"open","ping_status":"open","sticky":false,"template":"","format":"standard","meta":{"footnotes":""},"categories":[14],"tags":[179],"class_list":["post-42747","post","type-post","status-publish","format-standard","has-post-thumbnail","hentry","category-ulusal","tag-aktuel"],"views":5,"_links":{"self":[{"href":"https:\/\/prizrenpost.com\/tr\/wp-json\/wp\/v2\/posts\/42747","targetHints":{"allow":["GET"]}}],"collection":[{"href":"https:\/\/prizrenpost.com\/tr\/wp-json\/wp\/v2\/posts"}],"about":[{"href":"https:\/\/prizrenpost.com\/tr\/wp-json\/wp\/v2\/types\/post"}],"author":[{"embeddable":true,"href":"https:\/\/prizrenpost.com\/tr\/wp-json\/wp\/v2\/users\/1"}],"replies":[{"embeddable":true,"href":"https:\/\/prizrenpost.com\/tr\/wp-json\/wp\/v2\/comments?post=42747"}],"version-history":[{"count":1,"href":"https:\/\/prizrenpost.com\/tr\/wp-json\/wp\/v2\/posts\/42747\/revisions"}],"predecessor-version":[{"id":42749,"href":"https:\/\/prizrenpost.com\/tr\/wp-json\/wp\/v2\/posts\/42747\/revisions\/42749"}],"wp:featuredmedia":[{"embeddable":true,"href":"https:\/\/prizrenpost.com\/tr\/wp-json\/wp\/v2\/media\/42748"}],"wp:attachment":[{"href":"https:\/\/prizrenpost.com\/tr\/wp-json\/wp\/v2\/media?parent=42747"}],"wp:term":[{"taxonomy":"category","embeddable":true,"href":"https:\/\/prizrenpost.com\/tr\/wp-json\/wp\/v2\/categories?post=42747"},{"taxonomy":"post_tag","embeddable":true,"href":"https:\/\/prizrenpost.com\/tr\/wp-json\/wp\/v2\/tags?post=42747"}],"curies":[{"name":"wp","href":"https:\/\/api.w.org\/{rel}","templated":true}]}}