{"id":42758,"date":"2026-04-27T14:28:32","date_gmt":"2026-04-27T12:28:32","guid":{"rendered":"https:\/\/prizrenpost.com\/tr\/gunesin-gercek-rengi-nedir\/"},"modified":"2026-04-27T14:28:32","modified_gmt":"2026-04-27T12:28:32","slug":"gunesin-gercek-rengi-nedir","status":"publish","type":"post","link":"https:\/\/prizrenpost.com\/tr\/gunesin-gercek-rengi-nedir\/","title":{"rendered":"G\u00fcne\u015f&#8217;in ger\u00e7ek rengi nedir?"},"content":{"rendered":"<p><img decoding=\"async\" src=\"https:\/\/prizrenpost.com\/tr\/wp-content\/uploads\/2026\/04\/sole-bianco_1020x680-1.jpg\" style=\"width:100%;height:auto;margin-bottom:20px\"><\/p>\n<p>G\u00fcne\u015f&#8217;in ger\u00e7ek rengi beyazd\u0131r. Bu, par\u0131ldayan bir g\u00fcn bat\u0131m\u0131n\u0131 g\u00f6ren herkese garip gelebilecek bir ger\u00e7ektir. Ancak bilimsel veriler kesindir: Y\u0131ld\u0131z\u0131m\u0131z, g\u00f6r\u00fcn\u00fcr spektrumun t\u00fcm renklerinde neredeyse e\u015fit miktarda \u0131\u015f\u0131k yayar.<\/p>\n<p>T\u00fcm bu frekanslar bir araya topland\u0131\u011f\u0131nda, insan g\u00f6z\u00fc i\u00e7in sonu\u00e7 saf beyazd\u0131r. Ancak D\u00fcnya y\u00fczeyinden bu orijinal rengi nadiren g\u00f6r\u00fcyoruz. Bunun nedeni atmosferin karma\u015f\u0131k bir filtre g\u00f6revi g\u00f6rmesidir. Hava molek\u00fclleri, mavi ve mor gibi k\u0131sa dalga boyundaki \u0131\u015f\u0131\u011f\u0131 daha iyi da\u011f\u0131t\u0131r.<\/p>\n<p>&#8216;Rayleigh Sa\u00e7\u0131l\u0131m\u0131&#8217; olarak bilinen bu olay, G\u00fcne\u015f&#8217;in sar\u0131 veya turuncu g\u00f6r\u00fcnmesine neden olur. I\u015f\u0131\u011f\u0131n do\u011fuda veya bat\u0131da oldu\u011fu gibi daha kal\u0131n bir hava tabakas\u0131ndan ge\u00e7mesi gerekti\u011finde, sa\u00e7\u0131lma o kadar yo\u011funla\u015f\u0131r ki bize yaln\u0131zca k\u0131rm\u0131z\u0131 ve turuncu \u0131\u015f\u0131k ula\u015f\u0131r.<\/p>\n<p>G\u00fcne\u015f zirvedeyken, yani g\u00f6ky\u00fcz\u00fcnde zirvedeyken, \u0131\u015f\u0131\u011f\u0131 en k\u0131sa yolu izleyerek atmosferden neredeyse dik olarak ge\u00e7er. Bu durumda bile, mavi \u0131\u015f\u0131\u011f\u0131n bir k\u0131sm\u0131 g\u00f6ky\u00fcz\u00fcn\u00fc renklendirmek i\u00e7in orijinal \u0131\u015f\u0131ndan &#8220;emilir&#8221; ve do\u011frudan gelen \u0131\u015f\u0131k biraz daha s\u0131cak kal\u0131r.<\/p>\n<p>Mavi \u0131\u015f\u0131\u011f\u0131n bu kayb\u0131, beyaz \u0131\u015f\u0131\u011f\u0131n sar\u0131ya do\u011fru e\u011filmesi i\u00e7in yeterlidir. \u00dcstelik kontrast da rol oynuyor. G\u00f6z\u00fcm\u00fcz parlak beyaz \u0131\u015f\u0131\u011f\u0131, \u00e7evredeki g\u00f6ky\u00fcz\u00fcn\u00fcn koyu mavisiyle kontrast olu\u015fturdu\u011funda soluk sar\u0131 olarak alg\u0131lar.<\/p>\n<p>Uzayda, atmosferin &#8220;hapishanesi&#8221;nin d\u0131\u015f\u0131nda, astronotlar G\u00fcne\u015f&#8217;i oldu\u011fu gibi g\u00f6r\u00fcr: d\u00f6nen dairelerden olu\u015fan siyah bir arka plan \u00fczerinde g\u00f6z kama\u015ft\u0131r\u0131c\u0131 beyaz bir k\u00fcre. \u0130lgin\u00e7 bir \u015fekilde, di\u011fer y\u0131ld\u0131zlar bize genellikle beyaz g\u00f6r\u00fcn\u00fcr \u00e7\u00fcnk\u00fc onlar\u0131n \u0131\u015f\u0131klar\u0131, renk al\u0131c\u0131lar\u0131m\u0131z olan konileri harekete ge\u00e7iremeyecek kadar zay\u0131ft\u0131r.<\/p>\n<p>Bunun yerine, yaln\u0131zca parlakl\u0131\u011f\u0131 alg\u0131layan \u00e7ubuklar etkinle\u015ftirilir. Yaln\u0131zca Betelgeuse (k\u0131rm\u0131z\u0131 dev) veya Rigel (mavi s\u00fcperdev) gibi son derece parlak y\u0131ld\u0131zlar \u00e7\u0131plak g\u00f6zle ger\u00e7ek renklerini g\u00f6stermeyi ba\u015far\u0131rlar.<\/p>\n<p>Bu g\u00f6rsel hileyi anlamak g\u00fcn bat\u0131m\u0131n\u0131n g\u00fczelli\u011fini azaltmaz, ancak bize \u00e7evremizin fiziksel ger\u00e7ekli\u011fi retinalar\u0131m\u0131za ula\u015fmadan \u00f6nce ne kadar d\u00f6n\u00fc\u015ft\u00fcrd\u00fc\u011f\u00fcn\u00fc hat\u0131rlat\u0131r. G\u00fcne\u015f, bize D\u00fcnya&#8217;daki ya\u015fam\u0131n renklerini vermek i\u00e7in kendisini alt\u0131n gibi &#8220;gizleyen&#8221; beyaz bir y\u0131ld\u0131z olarak kal\u0131r. \/tesheshi.com\/<\/p>\n<p>Tecr\u00fcbeyi geli\u015ftirmek ve reklamlar\u0131 g\u00f6r\u00fcnt\u00fclemek i\u00e7in \u00e7erezleri kullan\u0131yoruz (Google AdSense).<br \/>\n          &#8220;Kabul Et&#8221; se\u00e7ene\u011fine t\u0131klayarak \u00e7erezlerin a\u015fa\u011f\u0131daki \u015fartlara g\u00f6re kullan\u0131lmas\u0131n\u0131 kabul etmi\u015f olursunuz.<br \/>\n          Gizlilik Politikas\u0131<br \/>\n          ve<br \/>\n          \u00c7erez Politikas\u0131.<br \/>\n          &#8220;Reddet&#8221;i t\u0131klayarak gerekli olmayan \u00e7erezleri reddedebilirsiniz.<\/p>\n<hr style=\"margin:30px 0\">\n<p style=\"font-size:13px;color:#666\">Kaynak: <strong>prizrenpost<\/strong><\/p>\n","protected":false},"excerpt":{"rendered":"<p>G\u00fcne\u015f&#8217;in ger\u00e7ek rengi beyazd\u0131r. Bu, par\u0131ldayan bir g\u00fcn bat\u0131m\u0131n\u0131 g\u00f6ren herkese garip gelebilecek bir ger\u00e7ektir. Ancak bilimsel veriler kesindir: Y\u0131ld\u0131z\u0131m\u0131z, g\u00f6r\u00fcn\u00fcr spektrumun t\u00fcm renklerinde neredeyse e\u015fit miktarda \u0131\u015f\u0131k yayar. T\u00fcm bu frekanslar bir araya topland\u0131\u011f\u0131nda, insan g\u00f6z\u00fc i\u00e7in sonu\u00e7 saf beyazd\u0131r. Ancak D\u00fcnya y\u00fczeyinden bu orijinal rengi nadiren g\u00f6r\u00fcyoruz. Bunun nedeni atmosferin karma\u015f\u0131k bir filtre [&hellip;]<\/p>\n","protected":false},"author":1,"featured_media":42759,"comment_status":"open","ping_status":"open","sticky":false,"template":"","format":"standard","meta":{"footnotes":""},"categories":[6],"tags":[],"class_list":["post-42758","post","type-post","status-publish","format-standard","has-post-thumbnail","hentry","category-teknoloji"],"views":2,"_links":{"self":[{"href":"https:\/\/prizrenpost.com\/tr\/wp-json\/wp\/v2\/posts\/42758","targetHints":{"allow":["GET"]}}],"collection":[{"href":"https:\/\/prizrenpost.com\/tr\/wp-json\/wp\/v2\/posts"}],"about":[{"href":"https:\/\/prizrenpost.com\/tr\/wp-json\/wp\/v2\/types\/post"}],"author":[{"embeddable":true,"href":"https:\/\/prizrenpost.com\/tr\/wp-json\/wp\/v2\/users\/1"}],"replies":[{"embeddable":true,"href":"https:\/\/prizrenpost.com\/tr\/wp-json\/wp\/v2\/comments?post=42758"}],"version-history":[{"count":1,"href":"https:\/\/prizrenpost.com\/tr\/wp-json\/wp\/v2\/posts\/42758\/revisions"}],"predecessor-version":[{"id":42760,"href":"https:\/\/prizrenpost.com\/tr\/wp-json\/wp\/v2\/posts\/42758\/revisions\/42760"}],"wp:featuredmedia":[{"embeddable":true,"href":"https:\/\/prizrenpost.com\/tr\/wp-json\/wp\/v2\/media\/42759"}],"wp:attachment":[{"href":"https:\/\/prizrenpost.com\/tr\/wp-json\/wp\/v2\/media?parent=42758"}],"wp:term":[{"taxonomy":"category","embeddable":true,"href":"https:\/\/prizrenpost.com\/tr\/wp-json\/wp\/v2\/categories?post=42758"},{"taxonomy":"post_tag","embeddable":true,"href":"https:\/\/prizrenpost.com\/tr\/wp-json\/wp\/v2\/tags?post=42758"}],"curies":[{"name":"wp","href":"https:\/\/api.w.org\/{rel}","templated":true}]}}