{"id":42761,"date":"2026-04-27T15:47:39","date_gmt":"2026-04-27T13:47:39","guid":{"rendered":"https:\/\/prizrenpost.com\/tr\/israil-filistin-yonetiminin-bu-ayki-tum-vergi-gelirlerine-el-koydu\/"},"modified":"2026-04-27T15:47:43","modified_gmt":"2026-04-27T13:47:43","slug":"israil-filistin-yonetiminin-bu-ayki-tum-vergi-gelirlerine-el-koydu","status":"publish","type":"post","link":"https:\/\/prizrenpost.com\/tr\/israil-filistin-yonetiminin-bu-ayki-tum-vergi-gelirlerine-el-koydu\/","title":{"rendered":"\u0130srail, Filistin Y\u00f6netimi&#8217;nin bu ayki t\u00fcm vergi gelirlerine el koydu"},"content":{"rendered":"<p><img decoding=\"async\" src=\"https:\/\/prizrenpost.com\/tr\/wp-content\/uploads\/2026\/04\/thumbs_b_c_7d4f6e862e06deb38684f360b5537dc8-1.jpg\" style=\"width:100%;height:auto;margin-bottom:20px\"><\/p>\n<p>Anadolu&#8217;nun haberine g\u00f6re, \u0130srail, Filistin Y\u00f6netimi&#8217;nin bu ayki t\u00fcm vergi gelirlerine el koydu.<\/p>\n<p>\u0130srail televizyon kanal\u0131 &#8220;Kanal 7&#8221;, a\u015f\u0131r\u0131 sa\u011fc\u0131 Maliye Bakan\u0131 Bezalel Smotrich&#8217;in emriyle, Filistin Y\u00f6netimi ad\u0131na bu ay toplanan 740 milyon \u015fekelin (248 milyon dolar) 590 milyon \u015fekelinin (yakla\u015f\u0131k 198 milyon dolar) bor\u00e7lar\u0131 kar\u015f\u0131lamak i\u00e7in tutuldu\u011funu bildirdi. Filistinli.<\/p>\n<p>Raporda, kalan miktara da el konuldu\u011fu ve Filistin Y\u00f6netimi&#8217;ne aktar\u0131lmas\u0131n\u0131n yasakland\u0131\u011f\u0131 belirtildi. Stopaj\u0131n Filistinlilerin \u0130srailli \u00e7evre, su ve elektrik \u015firketlerine olan bor\u00e7lar\u0131n\u0131 kar\u015f\u0131lamay\u0131 ama\u00e7lad\u0131\u011f\u0131 s\u00f6yleniyor.<\/p>\n<p>\u0130srail Ofisi&#8217;nden a\u015f\u0131r\u0131 sa\u011fc\u0131 Maliye Bakan\u0131 Smotrich taraf\u0131ndan yap\u0131lan yaz\u0131l\u0131 a\u00e7\u0131klamada, \u0130srail&#8217;in Filistin Y\u00f6netimi ad\u0131na toplad\u0131\u011f\u0131 vergi gelirlerinin \u00e7o\u011funun &#8220;fatura bor\u00e7lar\u0131&#8221; nedeniyle al\u0131kondu\u011fu iddia edildi.<\/p>\n<p>\u015eubat ay\u0131nda Filistin Maliye Bakanl\u0131\u011f\u0131, \u0130srail&#8217;in Filistin vergi gelirinden 4,4 milyar dolar\u0131 al\u0131koydu\u011funu s\u00f6yledi.<\/p>\n<p>\u0130\u015fgal alt\u0131ndaki Filistin D\u0131\u015f ticarette \u0130srail&#8217;e ba\u011f\u0131ml\u0131 olmaya devam ediyor ve Filistinlilerin ithalat ve ihracat\u0131n\u0131n neredeyse tamam\u0131 \u0130srail \u00fczerinden ya da \u0130srail&#8217;den yap\u0131l\u0131yor.<\/p>\n<p>Filistin Kurtulu\u015f \u00d6rg\u00fct\u00fc ile 1994 y\u0131l\u0131nda imzalanan Paris ekonomik protokol\u00fc uyar\u0131nca \u0130srail h\u00fck\u00fcmeti, kendi kontrol\u00fc alt\u0131ndaki s\u0131n\u0131r noktalar\u0131nda Filistin Y\u00f6netimi ad\u0131na vergi topluyor ve Filistin hazinesine ayda yakla\u015f\u0131k 190 milyon dolar aktar\u0131yor.<\/p>\n<p>Ancak \u0130srail, 2019&#8217;dan bu yana, \u0130srail taraf\u0131ndan sa\u011flanan ayl\u0131k \u00f6demeler gibi \u00e7e\u015fitli bahaneleri \u00f6ne s\u00fcrerek bu vergileri azaltt\u0131. Filistin Y\u00f6netimi mahkumlara ve eski mahkumlara. Filistin Y\u00f6netimi bu vergi gelirini kamu \u00e7al\u0131\u015fanlar\u0131n\u0131n maa\u015flar\u0131n\u0131 \u00f6demek i\u00e7in kullan\u0131yor. Bu gelir, toplam devlet gelirinin y\u00fczde 65&#8217;ini olu\u015fturuyor.<\/p>\n<p>\u0130srail&#8217;in vergi gelirlerinde yapt\u0131\u011f\u0131 kesintiler nedeniyle Filistin Y\u00f6netimi, Kas\u0131m 2021 itibar\u0131yla kamu \u00e7al\u0131\u015fanlar\u0131n\u0131n maa\u015flar\u0131n\u0131 tam olarak \u00f6deyemiyor.<\/p>\n<p>Deneyimi geli\u015ftirmek ve reklam g\u00f6r\u00fcnt\u00fclemek i\u00e7in \u00e7erezleri kullan\u0131yoruz (Google AdSense).<br \/>\n          &#8220;Kabul Et&#8221; se\u00e7ene\u011fine t\u0131klayarak \u00e7erezlerin a\u015fa\u011f\u0131daki \u015fartlara g\u00f6re kullan\u0131lmas\u0131n\u0131 kabul etmi\u015f olursunuz.<br \/>\n          Gizlilik Politikas\u0131<br \/>\n          ve<br \/>\n          \u00c7erez Politikas\u0131.<br \/>\n          &#8220;Reddet&#8221;i t\u0131klayarak gerekli olmayan \u00e7erezleri reddedebilirsiniz.<\/p>\n<hr style=\"margin:30px 0\">\n<p style=\"font-size:13px;color:#666\">Kaynak: <strong>prizrenpost<\/strong><\/p>\n","protected":false},"excerpt":{"rendered":"<p>Anadolu&#8217;nun haberine g\u00f6re, \u0130srail, Filistin Y\u00f6netimi&#8217;nin bu ayki t\u00fcm vergi gelirlerine el koydu. \u0130srail televizyon kanal\u0131 &#8220;Kanal 7&#8221;, a\u015f\u0131r\u0131 sa\u011fc\u0131 Maliye Bakan\u0131 Bezalel Smotrich&#8217;in emriyle, Filistin Y\u00f6netimi ad\u0131na bu ay toplanan 740 milyon \u015fekelin (248 milyon dolar) 590 milyon \u015fekelinin (yakla\u015f\u0131k 198 milyon dolar) bor\u00e7lar\u0131 kar\u015f\u0131lamak i\u00e7in tutuldu\u011funu bildirdi. Filistinli. Raporda, kalan miktara da el [&hellip;]<\/p>\n","protected":false},"author":1,"featured_media":42762,"comment_status":"open","ping_status":"open","sticky":false,"template":"","format":"standard","meta":{"footnotes":""},"categories":[24],"tags":[179],"class_list":["post-42761","post","type-post","status-publish","format-standard","has-post-thumbnail","hentry","category-dunya","tag-aktuel"],"views":5,"_links":{"self":[{"href":"https:\/\/prizrenpost.com\/tr\/wp-json\/wp\/v2\/posts\/42761","targetHints":{"allow":["GET"]}}],"collection":[{"href":"https:\/\/prizrenpost.com\/tr\/wp-json\/wp\/v2\/posts"}],"about":[{"href":"https:\/\/prizrenpost.com\/tr\/wp-json\/wp\/v2\/types\/post"}],"author":[{"embeddable":true,"href":"https:\/\/prizrenpost.com\/tr\/wp-json\/wp\/v2\/users\/1"}],"replies":[{"embeddable":true,"href":"https:\/\/prizrenpost.com\/tr\/wp-json\/wp\/v2\/comments?post=42761"}],"version-history":[{"count":1,"href":"https:\/\/prizrenpost.com\/tr\/wp-json\/wp\/v2\/posts\/42761\/revisions"}],"predecessor-version":[{"id":42763,"href":"https:\/\/prizrenpost.com\/tr\/wp-json\/wp\/v2\/posts\/42761\/revisions\/42763"}],"wp:featuredmedia":[{"embeddable":true,"href":"https:\/\/prizrenpost.com\/tr\/wp-json\/wp\/v2\/media\/42762"}],"wp:attachment":[{"href":"https:\/\/prizrenpost.com\/tr\/wp-json\/wp\/v2\/media?parent=42761"}],"wp:term":[{"taxonomy":"category","embeddable":true,"href":"https:\/\/prizrenpost.com\/tr\/wp-json\/wp\/v2\/categories?post=42761"},{"taxonomy":"post_tag","embeddable":true,"href":"https:\/\/prizrenpost.com\/tr\/wp-json\/wp\/v2\/tags?post=42761"}],"curies":[{"name":"wp","href":"https:\/\/api.w.org\/{rel}","templated":true}]}}