{"id":42776,"date":"2026-04-27T16:45:31","date_gmt":"2026-04-27T14:45:31","guid":{"rendered":"https:\/\/prizrenpost.com\/tr\/kurti-meja-katliami-sirbistan-soykiriminin-kanitidir\/"},"modified":"2026-04-27T16:45:33","modified_gmt":"2026-04-27T14:45:33","slug":"kurti-meja-katliami-sirbistan-soykiriminin-kanitidir","status":"publish","type":"post","link":"https:\/\/prizrenpost.com\/tr\/kurti-meja-katliami-sirbistan-soykiriminin-kanitidir\/","title":{"rendered":"Kurti: Meja katliam\u0131 S\u0131rbistan soyk\u0131r\u0131m\u0131n\u0131n kan\u0131t\u0131d\u0131r"},"content":{"rendered":"<p><img decoding=\"async\" src=\"https:\/\/prizrenpost.com\/tr\/wp-content\/uploads\/2026\/04\/prizrenpostog-og-142.jpg\" style=\"width:100%;height:auto;margin-bottom:20px\"><\/p>\n<p>Meja katliam\u0131n\u0131n 27. y\u0131l d\u00f6n\u00fcm\u00fcnde Kosova Ba\u015fbakan\u0131 Albin Kurti, Meja&#8217;da \u00f6ld\u00fcr\u00fclen 376 sivilin mezarl\u0131klar\u0131na sayg\u0131 duru\u015funda bulundu ve \u00e7i\u00e7ekler b\u0131rakt\u0131. Ba\u015fbakan Kurti, ayr\u0131ca Korenica&#8217;da \u015fehit d\u00fc\u015fenlerin an\u0131s\u0131na plaketleri sayg\u0131 duru\u015funda bulundu.<\/p>\n<p>27 Nisan 1999&#8217;u anan Ba\u015fbakan Kurti, Meja ve Korenica katliam\u0131n\u0131n son sava\u015ftaki en b\u00fcy\u00fck katliam oldu\u011funu ve S\u0131rbistan&#8217;\u0131n Kosova&#8217;da uygulad\u0131\u011f\u0131 soyk\u0131r\u0131m\u0131n kan\u0131t\u0131 oldu\u011funu s\u00f6yledi.<\/p>\n<p>&#8220;27 Nisan&#8217;da bu katliam\u0131n \u00fczerinden 27 y\u0131l ge\u00e7ti ve biz, halk\u0131n \u00f6zg\u00fcrl\u00fc\u011f\u00fc i\u00e7in d\u00f6k\u00fclen kan\u0131 asla unutmad\u0131\u011f\u0131m\u0131zdan ve her zaman hat\u0131rlad\u0131\u011f\u0131m\u0131zdan emin oluyoruz. Ancak ayn\u0131 zamanda adalet ve g\u00fcvenlik kurumlar\u0131n\u0131n, emri veren ve infaz edenleri mahkemeye \u00e7\u0131karmas\u0131 ve cezaland\u0131rmas\u0131 i\u00e7in azami \u00e7abay\u0131 g\u00f6stermeye kararl\u0131y\u0131z&#8221; diyen Ba\u015fbakan Kurti, \u00f6zellikle zorla kaybedilen kay\u0131plar\u0131n ak\u0131betinin a\u00e7\u0131kl\u0131\u011fa kavu\u015fturulmas\u0131 konusunda kararl\u0131 oldu\u011fumuzu, yani toplam 1.565 ki\u015finin de bulundu\u011funu s\u00f6yledi.<\/p>\n<p>Meja&#8217;dan, uluslararas\u0131 fakt\u00f6rlere de resmi Belgrad&#8217;a bask\u0131 yap\u0131lmas\u0131 \u00e7a\u011fr\u0131s\u0131nda bulundu. sorumlulu\u011fun yan\u0131 s\u0131ra \u015fiddet sonucu kaybedilen Arnavutlar\u0131n ger\u00e7e\u011fi hakk\u0131ndaki bilgiler de.<\/p>\n<p>&#8220;Meja katliam\u0131, S\u0131rbistan&#8217;\u0131n Kosova&#8217;da Arnavut halk\u0131n\u0131 yok etmeyi ama\u00e7layan soyk\u0131r\u0131m\u0131n\u0131n kan\u0131t\u0131d\u0131r. 27 Nisan&#8217;da bu katliam\u0131n \u00fczerinden 27 y\u0131l ge\u00e7ti ve milletin \u015fehit ve \u015fehitlerinin \u00f6zg\u00fcrl\u00fc\u011f\u00fc i\u00e7in d\u00f6k\u00fclen kan\u0131 asla unutmamaya ve her zaman hat\u0131rlamaya \u00f6zen g\u00f6steriyoruz. Ancak ayn\u0131 zamanda adalet ve g\u00fcvenlik kurumlar\u0131n\u0131n getirdi\u011fi azami \u00e7abay\u0131 da g\u00f6steriyoruz. emirleri ve infazc\u0131lar\u0131 yarg\u0131lamak ve cezaland\u0131rmak birka\u00e7 y\u0131ld\u0131r g\u0131yaben yarg\u0131lanmak m\u00fcmk\u00fcn ve g\u0131yaben cezaland\u0131r\u0131lan S\u0131rp su\u00e7lular\u0131n say\u0131s\u0131 \u015fimdiden artt\u0131,&#8221; dedi Kurti.<\/p>\n<p>Tecr\u00fcbeyi geli\u015ftirmek ve reklamlar\u0131 g\u00f6r\u00fcnt\u00fclemek i\u00e7in \u00e7erezleri kullan\u0131yoruz (Google AdSense).<br \/>\n          &#8220;Kabul Et&#8221; se\u00e7ene\u011fine t\u0131klayarak \u00e7erezlerin a\u015fa\u011f\u0131daki \u015fartlara g\u00f6re kullan\u0131lmas\u0131n\u0131 kabul etmi\u015f olursunuz.<br \/>\n          Gizlilik Politikas\u0131<br \/>\n          ve<br \/>\n          \u00c7erez Politikas\u0131.<br \/>\n          &#8220;Reddet&#8221;i t\u0131klayarak gerekli olmayan \u00e7erezleri reddedebilirsiniz.<\/p>\n<hr style=\"margin:30px 0\">\n<p style=\"font-size:13px;color:#666\">Kaynak: <strong>prizrenpost<\/strong><\/p>\n","protected":false},"excerpt":{"rendered":"<p>Meja katliam\u0131n\u0131n 27. y\u0131l d\u00f6n\u00fcm\u00fcnde Kosova Ba\u015fbakan\u0131 Albin Kurti, Meja&#8217;da \u00f6ld\u00fcr\u00fclen 376 sivilin mezarl\u0131klar\u0131na sayg\u0131 duru\u015funda bulundu ve \u00e7i\u00e7ekler b\u0131rakt\u0131. Ba\u015fbakan Kurti, ayr\u0131ca Korenica&#8217;da \u015fehit d\u00fc\u015fenlerin an\u0131s\u0131na plaketleri sayg\u0131 duru\u015funda bulundu. 27 Nisan 1999&#8217;u anan Ba\u015fbakan Kurti, Meja ve Korenica katliam\u0131n\u0131n son sava\u015ftaki en b\u00fcy\u00fck katliam oldu\u011funu ve S\u0131rbistan&#8217;\u0131n Kosova&#8217;da uygulad\u0131\u011f\u0131 soyk\u0131r\u0131m\u0131n kan\u0131t\u0131 oldu\u011funu s\u00f6yledi. [&hellip;]<\/p>\n","protected":false},"author":1,"featured_media":42777,"comment_status":"open","ping_status":"open","sticky":false,"template":"","format":"standard","meta":{"footnotes":""},"categories":[14],"tags":[179],"class_list":["post-42776","post","type-post","status-publish","format-standard","has-post-thumbnail","hentry","category-ulusal","tag-aktuel"],"views":3,"_links":{"self":[{"href":"https:\/\/prizrenpost.com\/tr\/wp-json\/wp\/v2\/posts\/42776","targetHints":{"allow":["GET"]}}],"collection":[{"href":"https:\/\/prizrenpost.com\/tr\/wp-json\/wp\/v2\/posts"}],"about":[{"href":"https:\/\/prizrenpost.com\/tr\/wp-json\/wp\/v2\/types\/post"}],"author":[{"embeddable":true,"href":"https:\/\/prizrenpost.com\/tr\/wp-json\/wp\/v2\/users\/1"}],"replies":[{"embeddable":true,"href":"https:\/\/prizrenpost.com\/tr\/wp-json\/wp\/v2\/comments?post=42776"}],"version-history":[{"count":1,"href":"https:\/\/prizrenpost.com\/tr\/wp-json\/wp\/v2\/posts\/42776\/revisions"}],"predecessor-version":[{"id":42778,"href":"https:\/\/prizrenpost.com\/tr\/wp-json\/wp\/v2\/posts\/42776\/revisions\/42778"}],"wp:featuredmedia":[{"embeddable":true,"href":"https:\/\/prizrenpost.com\/tr\/wp-json\/wp\/v2\/media\/42777"}],"wp:attachment":[{"href":"https:\/\/prizrenpost.com\/tr\/wp-json\/wp\/v2\/media?parent=42776"}],"wp:term":[{"taxonomy":"category","embeddable":true,"href":"https:\/\/prizrenpost.com\/tr\/wp-json\/wp\/v2\/categories?post=42776"},{"taxonomy":"post_tag","embeddable":true,"href":"https:\/\/prizrenpost.com\/tr\/wp-json\/wp\/v2\/tags?post=42776"}],"curies":[{"name":"wp","href":"https:\/\/api.w.org\/{rel}","templated":true}]}}