{"id":42821,"date":"2026-04-27T20:35:10","date_gmt":"2026-04-27T18:35:10","guid":{"rendered":"https:\/\/prizrenpost.com\/tr\/bu-aksam-cumhurbaskani-feride-rusiti-ve-hatixe-hoca-adaylarinin-secimi-icin-oturum-yapilacak\/"},"modified":"2026-04-27T20:35:11","modified_gmt":"2026-04-27T18:35:11","slug":"bu-aksam-cumhurbaskani-feride-rusiti-ve-hatixe-hoca-adaylarinin-secimi-icin-oturum-yapilacak","status":"publish","type":"post","link":"https:\/\/prizrenpost.com\/tr\/bu-aksam-cumhurbaskani-feride-rusiti-ve-hatixe-hoca-adaylarinin-secimi-icin-oturum-yapilacak\/","title":{"rendered":"Bu ak\u015fam cumhurba\u015fkan\u0131 Feride R\u00fc\u015fiti ve Hatixe Hoca adaylar\u0131n\u0131n se\u00e7imi i\u00e7in oturum yap\u0131lacak"},"content":{"rendered":"<p><img decoding=\"async\" src=\"https:\/\/prizrenpost.com\/tr\/wp-content\/uploads\/2026\/04\/Dr._Feride_Rushiti_Kosovo_1_WiHEfwGuSKaW2j1Xm4eTew-780x439-1.jpg\" style=\"width:100%;height:auto;margin-bottom:20px\">Meclis Ba\u015fkan\u0131 Albulena Haxhiu, cumhurba\u015fkan\u0131 se\u00e7imi i\u00e7in bu ak\u015fam saat 20.30&#8217;da ola\u011fan\u00fcst\u00fc oturum d\u00fczenlenece\u011fini duyurdu. Bu talep kapsam\u0131nda Cumhurba\u015fkanl\u0131\u011f\u0131 i\u00e7in iki aday \u00f6nerildi: Feride R\u00fc\u015fiti ve Hatixe Hoca. Kaynak: mesaj<\/p>\n<hr style=\"margin:30px 0\">\n<p style=\"font-size:13px;color:#666\">Kaynak: <strong>prizrenpost<\/strong><\/p>\n","protected":false},"excerpt":{"rendered":"<p>Meclis Ba\u015fkan\u0131 Albulena Haxhiu, cumhurba\u015fkan\u0131 se\u00e7imi i\u00e7in bu ak\u015fam saat 20.30&#8217;da ola\u011fan\u00fcst\u00fc oturum d\u00fczenlenece\u011fini duyurdu. Bu talep kapsam\u0131nda Cumhurba\u015fkanl\u0131\u011f\u0131 i\u00e7in iki aday \u00f6nerildi: Feride R\u00fc\u015fiti ve Hatixe Hoca. Kaynak: mesaj Kaynak: prizrenpost<\/p>\n","protected":false},"author":1,"featured_media":42822,"comment_status":"open","ping_status":"open","sticky":false,"template":"","format":"standard","meta":{"footnotes":""},"categories":[14],"tags":[179],"class_list":["post-42821","post","type-post","status-publish","format-standard","has-post-thumbnail","hentry","category-ulusal","tag-aktuel"],"views":4,"_links":{"self":[{"href":"https:\/\/prizrenpost.com\/tr\/wp-json\/wp\/v2\/posts\/42821","targetHints":{"allow":["GET"]}}],"collection":[{"href":"https:\/\/prizrenpost.com\/tr\/wp-json\/wp\/v2\/posts"}],"about":[{"href":"https:\/\/prizrenpost.com\/tr\/wp-json\/wp\/v2\/types\/post"}],"author":[{"embeddable":true,"href":"https:\/\/prizrenpost.com\/tr\/wp-json\/wp\/v2\/users\/1"}],"replies":[{"embeddable":true,"href":"https:\/\/prizrenpost.com\/tr\/wp-json\/wp\/v2\/comments?post=42821"}],"version-history":[{"count":1,"href":"https:\/\/prizrenpost.com\/tr\/wp-json\/wp\/v2\/posts\/42821\/revisions"}],"predecessor-version":[{"id":42823,"href":"https:\/\/prizrenpost.com\/tr\/wp-json\/wp\/v2\/posts\/42821\/revisions\/42823"}],"wp:featuredmedia":[{"embeddable":true,"href":"https:\/\/prizrenpost.com\/tr\/wp-json\/wp\/v2\/media\/42822"}],"wp:attachment":[{"href":"https:\/\/prizrenpost.com\/tr\/wp-json\/wp\/v2\/media?parent=42821"}],"wp:term":[{"taxonomy":"category","embeddable":true,"href":"https:\/\/prizrenpost.com\/tr\/wp-json\/wp\/v2\/categories?post=42821"},{"taxonomy":"post_tag","embeddable":true,"href":"https:\/\/prizrenpost.com\/tr\/wp-json\/wp\/v2\/tags?post=42821"}],"curies":[{"name":"wp","href":"https:\/\/api.w.org\/{rel}","templated":true}]}}