{"id":42824,"date":"2026-04-27T21:06:54","date_gmt":"2026-04-27T19:06:54","guid":{"rendered":"https:\/\/prizrenpost.com\/tr\/ateskese-ragmen-israil-ordusunun-gazzede-actigi-ates-sonucu-bir-filistinli-oldu-bir-digeri-de-yaralandi\/"},"modified":"2026-04-27T21:06:57","modified_gmt":"2026-04-27T19:06:57","slug":"ateskese-ragmen-israil-ordusunun-gazzede-actigi-ates-sonucu-bir-filistinli-oldu-bir-digeri-de-yaralandi","status":"publish","type":"post","link":"https:\/\/prizrenpost.com\/tr\/ateskese-ragmen-israil-ordusunun-gazzede-actigi-ates-sonucu-bir-filistinli-oldu-bir-digeri-de-yaralandi\/","title":{"rendered":"Ate\u015fkese ra\u011fmen \u0130srail ordusunun Gazze&#8217;de a\u00e7t\u0131\u011f\u0131 ate\u015f sonucu bir Filistinli \u00f6ld\u00fc, bir di\u011feri de yaraland\u0131"},"content":{"rendered":"<p><img decoding=\"async\" src=\"https:\/\/prizrenpost.com\/tr\/wp-content\/uploads\/2026\/04\/thumbs_b_c_96a3095856b7f8fb033d3d73525f7688.jpg\" style=\"width:100%;height:auto;margin-bottom:20px\"><\/p>\n<p>T\u0131bbi kaynaklar, Anadolu&#8217;nun haberine g\u00f6re, bug\u00fcn Gazze \u015eeridi&#8217;nin kuzeyinde \u0130srail ordusunun a\u00e7t\u0131\u011f\u0131 ate\u015f sonucu bir Filistinli \u00f6ld\u00fc ve bir di\u011feri de yaraland\u0131.<\/p>\n<p>Kaynaklara g\u00f6re, 18 ya\u015f\u0131ndaki bir adam\u0131n cesedi \u0130srail g\u00fc\u00e7leri taraf\u0131ndan Beit Lahia kasabas\u0131nda vurulduktan sonra Gazze \u015eehri&#8217;ndeki El \u015eifa Hastanesi&#8217;ne nakledildi. Anadolu.<\/p>\n<p>Kaynaklar, \u0130srail ate\u015fiyle ayn\u0131 b\u00f6lgede bir Filistinlinin daha yaraland\u0131\u011f\u0131n\u0131 belirtti.<\/p>\n<p>G\u00f6rg\u00fc tan\u0131klar\u0131, sald\u0131r\u0131lar\u0131n Gazze&#8217;nin kuzeyindeki \u0130srail ordusunun mevzileri d\u0131\u015f\u0131ndaki b\u00f6lgelerde ger\u00e7ekle\u015fti\u011fini s\u00f6yledi.<\/p>\n<p>Yerel kaynaklar ayr\u0131ca \u0130srail g\u00fc\u00e7lerinin, Gazze \u015eehri&#8217;nin do\u011fusunda kendi kontrolleri alt\u0131ndaki b\u00f6lgelerde Filistinlilerin bina ve tesislerini y\u0131kt\u0131\u011f\u0131n\u0131, ayr\u0131ca b\u00f6lgeye top at\u0131\u015flar\u0131 ve silahl\u0131 sald\u0131r\u0131lar ger\u00e7ekle\u015ftirdi\u011fini s\u00f6yledi. <\/p>\n<p>\u0130srail top\u00e7ular\u0131 ayr\u0131ca Gazze&#8217;nin g\u00fcneyindeki Han Yunus&#8217;un do\u011fu mahallelerini de bombalad\u0131.<\/p>\n<p>Gazze Sa\u011fl\u0131k Bakanl\u0131\u011f\u0131&#8217;na g\u00f6re, ate\u015fkesin y\u00fcr\u00fcrl\u00fc\u011fe girdi\u011fi 10 Ekim 2025&#8217;ten bu yana \u0130srail sald\u0131r\u0131lar\u0131nda en az 817 Filistinli \u00f6ld\u00fc ve 2.296 Filistinli yaraland\u0131.<\/p>\n<p>Ate\u015fkesin amac\u0131, Ekim 2023&#8217;te ba\u015flayan ve iki y\u0131ldan fazla ki\u015finin \u00f6l\u00fcm\u00fcne neden olan iki y\u0131ll\u0131k \u0130srail sava\u015f\u0131n\u0131 durdurmakt\u0131. 72.000 Filistinlinin \u00f6l\u00fcm\u00fcne ve 172.000&#8217;den fazla ki\u015finin yaralanmas\u0131na neden olurken, Gazze&#8217;nin sivil altyap\u0131s\u0131n\u0131n yakla\u015f\u0131k y\u00fczde 90&#8217;\u0131nda geni\u015f \u00e7apta y\u0131k\u0131ma neden oldu.<\/p>\n<p>Tecr\u00fcbeyi geli\u015ftirmek ve reklamlar\u0131 g\u00f6r\u00fcnt\u00fclemek i\u00e7in \u00e7erezleri kullan\u0131yoruz (Google AdSense).<br \/>\n          &#8220;Kabul Et&#8221; se\u00e7ene\u011fine t\u0131klayarak \u00e7erezlerin a\u015fa\u011f\u0131daki \u015fartlara g\u00f6re kullan\u0131lmas\u0131n\u0131 kabul etmi\u015f olursunuz.<br \/>\n          Gizlilik Politikas\u0131<br \/>\n          ve<br \/>\n          \u00c7erez Politikas\u0131.<br \/>\n          &#8220;Reddet&#8221;i t\u0131klayarak gerekli olmayan \u00e7erezleri reddedebilirsiniz.<\/p>\n<hr style=\"margin:30px 0\">\n<p style=\"font-size:13px;color:#666\">Kaynak: <strong>prizrenpost<\/strong><\/p>\n","protected":false},"excerpt":{"rendered":"<p>T\u0131bbi kaynaklar, Anadolu&#8217;nun haberine g\u00f6re, bug\u00fcn Gazze \u015eeridi&#8217;nin kuzeyinde \u0130srail ordusunun a\u00e7t\u0131\u011f\u0131 ate\u015f sonucu bir Filistinli \u00f6ld\u00fc ve bir di\u011feri de yaraland\u0131. Kaynaklara g\u00f6re, 18 ya\u015f\u0131ndaki bir adam\u0131n cesedi \u0130srail g\u00fc\u00e7leri taraf\u0131ndan Beit Lahia kasabas\u0131nda vurulduktan sonra Gazze \u015eehri&#8217;ndeki El \u015eifa Hastanesi&#8217;ne nakledildi. Anadolu. Kaynaklar, \u0130srail ate\u015fiyle ayn\u0131 b\u00f6lgede bir Filistinlinin daha yaraland\u0131\u011f\u0131n\u0131 belirtti. G\u00f6rg\u00fc [&hellip;]<\/p>\n","protected":false},"author":1,"featured_media":42825,"comment_status":"open","ping_status":"open","sticky":false,"template":"","format":"standard","meta":{"footnotes":""},"categories":[24],"tags":[179],"class_list":["post-42824","post","type-post","status-publish","format-standard","has-post-thumbnail","hentry","category-dunya","tag-aktuel"],"views":4,"_links":{"self":[{"href":"https:\/\/prizrenpost.com\/tr\/wp-json\/wp\/v2\/posts\/42824","targetHints":{"allow":["GET"]}}],"collection":[{"href":"https:\/\/prizrenpost.com\/tr\/wp-json\/wp\/v2\/posts"}],"about":[{"href":"https:\/\/prizrenpost.com\/tr\/wp-json\/wp\/v2\/types\/post"}],"author":[{"embeddable":true,"href":"https:\/\/prizrenpost.com\/tr\/wp-json\/wp\/v2\/users\/1"}],"replies":[{"embeddable":true,"href":"https:\/\/prizrenpost.com\/tr\/wp-json\/wp\/v2\/comments?post=42824"}],"version-history":[{"count":1,"href":"https:\/\/prizrenpost.com\/tr\/wp-json\/wp\/v2\/posts\/42824\/revisions"}],"predecessor-version":[{"id":42826,"href":"https:\/\/prizrenpost.com\/tr\/wp-json\/wp\/v2\/posts\/42824\/revisions\/42826"}],"wp:featuredmedia":[{"embeddable":true,"href":"https:\/\/prizrenpost.com\/tr\/wp-json\/wp\/v2\/media\/42825"}],"wp:attachment":[{"href":"https:\/\/prizrenpost.com\/tr\/wp-json\/wp\/v2\/media?parent=42824"}],"wp:term":[{"taxonomy":"category","embeddable":true,"href":"https:\/\/prizrenpost.com\/tr\/wp-json\/wp\/v2\/categories?post=42824"},{"taxonomy":"post_tag","embeddable":true,"href":"https:\/\/prizrenpost.com\/tr\/wp-json\/wp\/v2\/tags?post=42824"}],"curies":[{"name":"wp","href":"https:\/\/api.w.org\/{rel}","templated":true}]}}